{"id":89,"date":"2019-09-22T23:07:56","date_gmt":"2019-09-23T02:07:56","guid":{"rendered":"http:\/\/radiopirada.com\/radiopirada\/?p=89"},"modified":"2021-08-03T09:17:25","modified_gmt":"2021-08-03T12:17:25","slug":"ceva-no-total-chega-em-sua-decima-primeira-edicao-na-capital-gaucha","status":"publish","type":"post","link":"http:\/\/radiopirada.com\/radiopirada\/?p=89","title":{"rendered":"Ceva no Total chega em sua d\u00e9cima primeira edi\u00e7\u00e3o na capital ga\u00facha"},"content":{"rendered":"\n<p>O Ceva no Total chega em sua d\u00e9cima primeira edi\u00e7\u00e3o e j\u00e1 faz parte da  agenda de eventos do p\u00fablico portoalegrense. O evento que j\u00e1 conquistou  seu espa\u00e7o no cen\u00e1rio nacional de cervejas artesanais tem entrada  gratuita e acontece no dia 28 de setembro (s\u00e1bado), no Largo Cultural do  Shopping Total, em Porto Alegre. O projeto \u00e9 uma \u00f3tima oportunidade  para conhecer as cervejarias do Sul do pa\u00eds e aprender mais sobre o  tema.<\/p>\n\n\n\n<p>Nessa edi\u00e7\u00e3o do evento, ser\u00e3o 30 cervejarias participantes e mais de \n150 r\u00f3tulos de diversos estilos. Como em todas as edi\u00e7\u00f5es anteriores, o \nCeva re\u00fane cervejarias parceiras de longa data do evento com marcas que \nparticipam pela primeira vez. Desta forma, o p\u00fablico pode esperar \nnovidades e muitas descobertas.&nbsp;&nbsp;Diversos lan\u00e7amentos e receitas \ndesenvolvidas especialmente para o evento far\u00e3o parte do lineup \ncervejeiro.&nbsp;<\/p>\n\n\n\n<p>Al\u00e9m da cerveja, m\u00fasica e gastronomia se destacam na programa\u00e7\u00e3o que  tem in\u00edcio as 14 horas e encerramento previsto para as 22 horas. A  grande atra\u00e7\u00e3o musical da noite fica a cargo da Graforr\u00e9ia Xilarm\u00f4nica  que depois de um hiato de muitos anos, se re\u00fane especialmente para o  evento prometendo um show hist\u00f3rico. Marcelo Birck Al\u00e9m da cerveja, m\u00fasica e gastronomia se destacam na programa\u00e7\u00e3o que  tem in\u00edcio as 14 horas e encerramento previsto para as 22 horas. A  grande atra\u00e7\u00e3o musical da noite fica a cargo da Graforr\u00e9ia Xilarm\u00f4nica  que depois de um hiato de muitos anos, se re\u00fane especialmente para o  evento prometendo um show hist\u00f3rico.<\/p>\n\n\n\n<p>Criado pela Matin\u00ea (produtora respons\u00e1vel por diversos eventos  cervejeiros no Sul do pa\u00eds), o festival \u00e9 realizado no local onde foi  inaugurada, em 1911, uma das primeiras f\u00e1bricas de cerveja do estado.  Desde a edi\u00e7\u00e3o piloto, em julho de 2015, mais de 30 mil pessoas j\u00e1  passaram pela feira e mais de 30 mil litros de cervejas j\u00e1 foram  comercializados.<\/p>\n\n\n\n<p><strong>GASTRONOMIA<\/strong><\/p>\n\n\n\n<p>A festa tamb\u00e9m conta com espa\u00e7o gastron\u00f4mico, com cinco food trucks \nque oferecer\u00e3o op\u00e7\u00f5es variadas e op\u00e7\u00f5es de harmoniza\u00e7\u00e3o com os r\u00f3tulos \ndo evento, crepes do Crepe na Bike, al\u00e9m de drinks por conta do Le \nMule.&nbsp;<br><br>Food Trucks: Maria &amp; Fuma\u00e7a, Mestre Hamburgueiro, Tunikus Food Truck, Kombita Truck e Cia. Dos Espetinhos<\/p>\n\n\n\n<p><strong>M\u00daSICA<\/strong><\/p>\n\n\n\n<p>O Ceva tamb\u00e9m \u00e9 palco de grandes shows e pelo palco do evento j\u00e1 \npassaram diversas bandas e m\u00fasicos consagrados do cen\u00e1rio ga\u00facho. Esta \nedi\u00e7\u00e3o traz uma reuni\u00e3o muito especial da&nbsp;<strong>Graforr\u00e9ia Xilarm\u00f4nica<\/strong>.\n Depois de um hiato de muitos anos, o conjunto se re\u00fane especialmente \npara o evento e promete um show hist\u00f3rico com direito ao hino Amigo Punk\n entoado em coro com todos os presentes. Al\u00e9m da Graforr\u00e9ia, sobem ao \npalco mais tr\u00eas atra\u00e7\u00f5es. Gaby Ferreira &amp; Banda Polainas traz um \nrepert\u00f3rio cheio de cl\u00e1ssicos do Pop Rock dos anos 70, 80 e 90 e tem nas\n guitarras Tch\u00ea Gomes, ex-TNT. Quem abre o servi\u00e7o \u00e9 a banda Guar\u00e1, \ndestaque do \u00faltimo Matin\u00ea In Concert, festival de bandas realizado na \nd\u00e9cima edi\u00e7\u00e3o do Ceva. Completando o tima\u00e7o de atra\u00e7\u00f5es, a grande \nvencedora do mesmo concurso, a Ort\u00e1cio, Borghetti, Salazar &amp; Poty, \nsobe ao palco com um show cheio de composi\u00e7\u00f5es pr\u00f3prias e um repert\u00f3rio \nque surpreende pelo uso de muitos instrumentos e ritmos.<\/p>\n\n\n\n<p><strong>SERVI\u00c7O<\/strong><\/p>\n\n\n\n<p>Ceva Edi\u00e7\u00e3o #11<br>Data: 28 de setembro<br>Hor\u00e1rio: das 14h \u00e0s 22h<br>Local: Largo Cultural do Shopping Total \u2013 (Av. Crist\u00f3v\u00e3o Colombo, 545 \u2013 Floresta)<br>Entrada gratuita<\/p>\n\n\n\n<p>Organiza\u00e7\u00e3o: Matin\u00ea Cervejeira<\/p>\n\n\n\n<p>*** Em caso de chuva, o evento ser\u00e1 transferido<\/p>\n","protected":false},"excerpt":{"rendered":"<div class=\"mh-excerpt\"><p>O Ceva no Total chega em sua d\u00e9cima primeira edi\u00e7\u00e3o e j\u00e1 faz parte da agenda de eventos do p\u00fablico portoalegrense. O evento que j\u00e1 <a class=\"mh-excerpt-more\" href=\"http:\/\/radiopirada.com\/radiopirada\/?p=89\" title=\"Ceva no Total chega em sua d\u00e9cima primeira edi\u00e7\u00e3o na capital ga\u00facha\">[&#8230;]<\/a><\/p>\n<\/div>","protected":false},"author":1,"featured_media":90,"comment_status":"open","ping_status":"open","sticky":false,"template":"","format":"standard","meta":[],"categories":[3],"tags":[72,73,75,74,68,66,67,70,29,30],"_links":{"self":[{"href":"http:\/\/radiopirada.com\/radiopirada\/index.php?rest_route=\/wp\/v2\/posts\/89"}],"collection":[{"href":"http:\/\/radiopirada.com\/radiopirada\/index.php?rest_route=\/wp\/v2\/posts"}],"about":[{"href":"http:\/\/radiopirada.com\/radiopirada\/index.php?rest_route=\/wp\/v2\/types\/post"}],"author":[{"embeddable":true,"href":"http:\/\/radiopirada.com\/radiopirada\/index.php?rest_route=\/wp\/v2\/users\/1"}],"replies":[{"embeddable":true,"href":"http:\/\/radiopirada.com\/radiopirada\/index.php?rest_route=%2Fwp%2Fv2%2Fcomments&post=89"}],"version-history":[{"count":4,"href":"http:\/\/radiopirada.com\/radiopirada\/index.php?rest_route=\/wp\/v2\/posts\/89\/revisions"}],"predecessor-version":[{"id":418,"href":"http:\/\/radiopirada.com\/radiopirada\/index.php?rest_route=\/wp\/v2\/posts\/89\/revisions\/418"}],"wp:featuredmedia":[{"embeddable":true,"href":"http:\/\/radiopirada.com\/radiopirada\/index.php?rest_route=\/wp\/v2\/media\/90"}],"wp:attachment":[{"href":"http:\/\/radiopirada.com\/radiopirada\/index.php?rest_route=%2Fwp%2Fv2%2Fmedia&parent=89"}],"wp:term":[{"taxonomy":"category","embeddable":true,"href":"http:\/\/radiopirada.com\/radiopirada\/index.php?rest_route=%2Fwp%2Fv2%2Fcategories&post=89"},{"taxonomy":"post_tag","embeddable":true,"href":"http:\/\/radiopirada.com\/radiopirada\/index.php?rest_route=%2Fwp%2Fv2%2Ftags&post=89"}],"curies":[{"name":"wp","href":"https:\/\/api.w.org\/{rel}","templated":true}]}}