{"id":85,"date":"2019-09-18T15:32:37","date_gmt":"2019-09-18T18:32:37","guid":{"rendered":"http:\/\/radiopirada.com\/radiopirada\/?p=85"},"modified":"2021-08-03T09:18:05","modified_gmt":"2021-08-03T12:18:05","slug":"ira-folk-no-teatro-do-bourbon-country-dia-05-10","status":"publish","type":"post","link":"http:\/\/radiopirada.com\/radiopirada\/?p=85","title":{"rendered":"Ira! Folk, no Teatro do Bourbon Country dia 05\/10"},"content":{"rendered":"\n<p> Depois de duas sess\u00f5es esgotadas em 2018, no Teatro do Bourbon Country, Nasi e Edgard Scandurra apresentam o  show que  denominaram  de Ira!  Folk. O  show  intimista  conta  com  apenas  Nasi  e Scandurra  no  palco,  um  Ira!  que  voc\u00ea  nunca  viu! Com  shows  esgotados  por  todas  as  cidades  que visita,  a dupla  apresenta  suas mais  famosas  can\u00e7\u00f5es em  novo  formato,limpo  e visceral.  Apesar  de serem  conhecidos  pelo  seu  rock contundente,  as  can\u00e7\u00f5es  do  Ira! nasceram  assim,  com  o  viol\u00e3o  do guitarrista e compositor, Edgard Scandurra e a voz de Nasi. Com realiza\u00e7\u00e3o da Opus Promo\u00e7\u00f5es e da Showtime 19,  a  apresenta\u00e7\u00e3o  ocorre dia 5  de  outubro,  \u00e0s 21h,  no Teatro do  Bourbon  Country. Os ingressos j\u00e1 est\u00e3o \u00e0 venda. Confira o servi\u00e7o completo abaixo.<\/p>\n\n\n\n<p> A  nova  apresenta\u00e7\u00e3o  tem  marcado  bastante quem  aprecia  a  obra  do  Ira!, mostrando as  lindas can\u00e7\u00f5es compostas desde 1981, suas melodias e caminhos para se explorar com poucos instrumentos no  palco. No  repert\u00f3rio,  h\u00e1 cl\u00e1ssicos  e mais  cl\u00e1ssicos  da  banda,  como Flores  em  Voc\u00ea, Dias  de  Luta, Envelhe\u00e7o  na  Cidade, Eu  quero  sempre  mais, O  Girassol, Tolices, Tarde  Vazia, 15  Anos, N\u00facleo  Base, Boneca de Cera e tantas outras, com uma nova roupagem. <\/p>\n\n\n\n<p>CANAIS DE VENDAS OFICIAIS (sujeito \u00e0 taxa de servi\u00e7o): Site:www.uhuu.com                                            Atendimento:falecom@uhuu.com<\/p>\n\n\n\n<p>CANAIS DE VENDAS OFICIAIS (sem taxa de servi\u00e7o): Bilheteria do Teatro do Bourbon Country:Av. T\u00falio de Rose, n\u00ba 80 \/ 2\u00ba andar (de segunda a s\u00e1bado, das 13h \u00e0s 21h, e domingo e feriado, das 14h \u00e0s 20h) <\/p>\n\n\n\n<p><strong>Confira abaixo a resenha do Ira! Folk no show do Ara\u00fajo Vianna em 07\/10\/2017 feita pela R\u00e1dio Pirada.<\/strong><\/p>\n\n\n\n<p><strong>Folk, <em>pero no mucho<\/em>:\n\u00e0 vontade, Ira! contagia os f\u00e3s em Porto Alegre<\/strong><\/p>\n\n\n\n<p><strong>Paulo\nEg\u00eddio<\/strong>, especial para a R\u00e1dio Pirada<br>\n<em>pauloegidiors@gmail.com<\/em><\/p>\n\n\n\n<p>A proposta era uma apresenta\u00e7\u00e3o intimista, com base no folk,\npouco instrumentos e, portanto, mais leve. Contudo, n\u00e3o faltou bom rock n\u2019 roll\ndurante o show do Ira! no audit\u00f3rio Ara\u00fajo Vianna, em Porto Alegre, no \u00faltimo\ns\u00e1bado (7). Em um palco com molduras brancas vazadas, que permitia um excelente\njogo de luzes, Nasi e Edgard Scandurra tocaram por quase duas horas, levantando\na plateia v\u00e1rias vezes com hits bem distribu\u00eddos durante o repert\u00f3rio.<\/p>\n\n\n\n<p>Eram 21h11 quando as luzes do teatro se apagaram e o palco\nfoi iluminado. Dois minutos depois, a m\u00e3o esquerda de Scandurra come\u00e7ou a\ndedilhar no viol\u00e3o as primeiras notas de Mudan\u00e7a de Comportamento. Ap\u00f3s a\nexecu\u00e7\u00e3o da m\u00fasica, os dois protagonistas da noite saudaram um p\u00fablico bastante\nanimado, formado essencialmente por pessoas de meia-idade. A arrancada teve\nainda Dias de Luta e Flerte Fatal.<\/p>\n\n\n\n<p>Na sequ\u00eancia, o show entrou em uma vibe mais tranquila, com\ncan\u00e7\u00f5es como Quinze Anos e Perigo e Tarde Vazia. Ainda assim, a estrat\u00e9gia de\nintercalar as conhecidas Girassol, Flores em Voc\u00ea e, principalmente, Eu Quero\nSempre Mais, demonstrou-se o grande acerto da noite. A energia da plateia, que\nsaltava das poltronas quase que automaticamente quando come\u00e7avam os hits, compensou\no bom n\u00famero de espa\u00e7os vazios no Ara\u00fajo Vianna. <\/p>\n\n\n\n<p>Com um colete sobre a camisa e um chap\u00e9u \u00e0 l\u00e1 cantor de\nbossa nova, Nasi parecia verdadeiramente \u00e0 vontade. Sorridente, levantou v\u00e1rias\nvezes para saudar os f\u00e3s e vibrou durante quase todo o espet\u00e1culo. Mais\ncomedido, Scandurra tamb\u00e9m deixou seu lugar e at\u00e9 chegou a dar pulinhos com o\nviol\u00e3o, simulando seus tradicionais trejeitos com a guitarra.<\/p>\n\n\n\n<p>No meio da apresenta\u00e7\u00e3o, Edgard deu o tom: \u201cO nome engana.\nAqui \u00e9 rock n\u2019 roll o tempo todo\u201d, declarou, para o del\u00edrio da plateia. Mais\ntarde, ele tamb\u00e9m arrancou gritos do p\u00fablico quando falou sobre a performance da\nbanda de rock brit\u00e2nica The Who na capital ga\u00facha &#8211; realizada em 26 de setembro\n&#8211; &nbsp;em que esteve presente. \u201cFoi o melhor\nshow da minha vida!\u201d, bradou. Antes de sair do palco pela primeira vez, o grupo\nainda levantou a galera com a popular Envelhe\u00e7o na Cidade.<\/p>\n\n\n\n<p><strong>Bis<\/strong><\/p>\n\n\n\n<p>Ap\u00f3s os apelos da multid\u00e3o, o Ira! voltou ao palco ainda\nmais solto. De cigarro na m\u00e3o, Nasi mencionou a primeira vez que o grupo tocou em\nPorto Alegre. \u201cN\u00f3s tocamos aqui mesmo, no Ara\u00fajo Vianna, quando ainda era uma\nconcha ac\u00fastica\u201d relembrou. Fazendo refer\u00eancia ao guitarrista e compositor\ncarioca J\u00falio Barroso, a primeira m\u00fasica interpretada no bis foi Telefone, da\nbanda Gang 90 e as Absurdettes.<\/p>\n\n\n\n<p>Em seguida, Scandurra aproveitou para alfinetar o plebiscito\ninformal promovido no mesmo dia pelo movimento \u201cO Sul \u00e9 Meu Pa\u00eds\u201d, que propunha\na secess\u00e3o da regi\u00e3o sul do restante do Brasil. \u201cMeu pai \u00e9 de Bag\u00e9 e, portanto,\nde nacionalidade ga\u00facha\u201d, ironizou. \u201cMas a gente \u00e9 acima de tudo, brasileiro\u201d,\ncompletou, apresentando os dois outros integrantes do conjunto: seu filho\nDaniel Scandurra (baixol\u00e3o) e Johnny Boy (teclado e viol\u00e3o).<\/p>\n\n\n\n<p>Ap\u00f3s a provoca\u00e7\u00e3o, a can\u00e7\u00e3o interpretada foi Bebendo Vinho,\ndo ga\u00facho Wander Wildner, regravada pelo grupo em 1999. A apresenta\u00e7\u00e3o foi\nfechada vistosamente com My Generation (do The Who), Tanto Quanto Eu e N\u00facleo\nBase. Ovacionada, a banda saiu do palco aos gritos de \u201cOle Ole , Ira! Ira!\u201d,\ndeixando a sensa\u00e7\u00e3o de que Nasi e Edgard Scandurra s\u00e3o capazes de se completar\ncada vez mais.<\/p>\n","protected":false},"excerpt":{"rendered":"<div class=\"mh-excerpt\"><p>Depois de duas sess\u00f5es esgotadas em 2018, no Teatro do Bourbon Country, Nasi e Edgard Scandurra apresentam o show que denominaram de Ira! Folk. O <a class=\"mh-excerpt-more\" href=\"http:\/\/radiopirada.com\/radiopirada\/?p=85\" title=\"Ira! Folk, no Teatro do Bourbon Country dia 05\/10\">[&#8230;]<\/a><\/p>\n<\/div>","protected":false},"author":1,"featured_media":87,"comment_status":"open","ping_status":"open","sticky":false,"template":"","format":"standard","meta":[],"categories":[6,3],"tags":[65,58,62,57,61,59,64,29,43,30,63],"_links":{"self":[{"href":"http:\/\/radiopirada.com\/radiopirada\/index.php?rest_route=\/wp\/v2\/posts\/85"}],"collection":[{"href":"http:\/\/radiopirada.com\/radiopirada\/index.php?rest_route=\/wp\/v2\/posts"}],"about":[{"href":"http:\/\/radiopirada.com\/radiopirada\/index.php?rest_route=\/wp\/v2\/types\/post"}],"author":[{"embeddable":true,"href":"http:\/\/radiopirada.com\/radiopirada\/index.php?rest_route=\/wp\/v2\/users\/1"}],"replies":[{"embeddable":true,"href":"http:\/\/radiopirada.com\/radiopirada\/index.php?rest_route=%2Fwp%2Fv2%2Fcomments&post=85"}],"version-history":[{"count":3,"href":"http:\/\/radiopirada.com\/radiopirada\/index.php?rest_route=\/wp\/v2\/posts\/85\/revisions"}],"predecessor-version":[{"id":419,"href":"http:\/\/radiopirada.com\/radiopirada\/index.php?rest_route=\/wp\/v2\/posts\/85\/revisions\/419"}],"wp:featuredmedia":[{"embeddable":true,"href":"http:\/\/radiopirada.com\/radiopirada\/index.php?rest_route=\/wp\/v2\/media\/87"}],"wp:attachment":[{"href":"http:\/\/radiopirada.com\/radiopirada\/index.php?rest_route=%2Fwp%2Fv2%2Fmedia&parent=85"}],"wp:term":[{"taxonomy":"category","embeddable":true,"href":"http:\/\/radiopirada.com\/radiopirada\/index.php?rest_route=%2Fwp%2Fv2%2Fcategories&post=85"},{"taxonomy":"post_tag","embeddable":true,"href":"http:\/\/radiopirada.com\/radiopirada\/index.php?rest_route=%2Fwp%2Fv2%2Ftags&post=85"}],"curies":[{"name":"wp","href":"https:\/\/api.w.org\/{rel}","templated":true}]}}