{"id":599,"date":"2025-11-11T08:48:08","date_gmt":"2025-11-11T11:48:08","guid":{"rendered":"https:\/\/radiopirada.com\/radiopirada\/?p=599"},"modified":"2025-11-11T11:24:35","modified_gmt":"2025-11-11T14:24:35","slug":"ira-celebra-20-anos-do-acustico-mtv-em-porto-alegre-sob-coro-de-sem-anistia","status":"publish","type":"post","link":"http:\/\/radiopirada.com\/radiopirada\/?p=599","title":{"rendered":"IRA! celebra 20 anos do Ac\u00fastico MTV em Porto Alegre sob coro de \u201csem anistia\u201d"},"content":{"rendered":"\n<h4><em><strong>Noite re\u00fane nostalgia, sucessos e manifesta\u00e7\u00e3o do p\u00fablico contra anistia<\/strong><\/em><\/h4>\n\n\n\n<p>A banda <strong>IRA!<\/strong> voltou ao palco do <strong>Ara\u00fajo Vianna<\/strong>, em Porto Alegre, no s\u00e1bado (8), para apresentar a turn\u00ea <strong>Ac\u00fastico MTV \u2013 20 anos<\/strong>. Com casa lotada, o grupo encerrou a noite em clima de forte engajamento: durante o bis, o p\u00fablico puxou em un\u00edssono os gritos de <strong>\u201csem anistia\u201d<\/strong>, demonstrando apoio \u00e0 postura pol\u00edtica da banda e reafirmando a rela\u00e7\u00e3o intensa entre IRA! e seus f\u00e3s.<\/p>\n\n\n\n<p>O show marcou a primeira apresenta\u00e7\u00e3o na capital ap\u00f3s o epis\u00f3dio em <strong>Contagem (MG)<\/strong>, quando o vocalista <strong>Nasi<\/strong> pediu que <a href=\"https:\/\/g1.globo.com\/mg\/minas-gerais\/noticia\/2025\/04\/03\/nasi-vocalista-da-banda-ira-e-vaiado-em-show-apos-gritar-sem-anistia-e-reage-vao-embora.ghtml\" target=\"_blank\" rel=\"noreferrer noopener\">apoiadores<\/a> do ex-presidente Jair Bolsonaro deixassem o local. A manifesta\u00e7\u00e3o ocorreu ap\u00f3s vaias ao cantor, que se posicionou contra a anistia aos envolvidos nos ataques de 8 de janeiro de 2023, em Bras\u00edlia.<\/p>\n\n\n\n<figure class=\"wp-block-pullquote\"><blockquote><p>\u201cTem gente que acompanha o Ira!, mas nunca entendeu o Ira! [\u2026] tem gente que acompanha a gente e \u00e9 reacion\u00e1rio, tem gente que acompanha o Ira! e \u00e9 bolsonarista, isso n\u00e3o tem nada a ver! Por favor, v\u00e3o embora! [\u2026] N\u00e3o comprem nossos discos, n\u00e3o apare\u00e7am mais\u201d.<\/p><cite>Nasi &#8211; vocalista da Banda IRA!<\/cite><\/blockquote><\/figure>\n\n\n\n<p>A repercuss\u00e3o resultou no<a href=\"https:\/\/rollingstone.com.br\/musica\/ira-tem-4-shows-cancelados-no-sul-apos-nasi-expulsar-bolsonaristas-de-plateia\/\" target=\"_blank\" rel=\"noreferrer noopener\"> cancelamento<\/a> de alguns shows, incluindo duas apresenta\u00e7\u00f5es no Rio Grande do Sul \u2014 em <strong>Caxias do Sul<\/strong> e <strong>Pelotas<\/strong>, previstas para 2 e 3 de maio.<\/p>\n\n\n\n<p>No palco, <strong>Nasi <\/strong>(vocal) se apresentou ao lado de <strong>Edgard Scandurra<\/strong> (guitarra), <strong>Daniel Scandurra<\/strong> (baixo), <strong>Johnny Boy<\/strong> (teclado), <strong>Evaristo P\u00e1dua<\/strong> (bateria), <strong>Juba Carvalho<\/strong> (percuss\u00e3o) e <strong>Jonas Moncaio<\/strong> (violoncelo).<\/p>\n\n\n\n<p>O repert\u00f3rio resgatou sucessos do <strong>Ac\u00fastico MTV<\/strong>, como <strong>\u201cO Girassol\u201d<\/strong>, <strong>\u201cEu Quero Sempre Mais\u201d<\/strong> e <strong>\u201cTarde Vazia\u201d<\/strong>, al\u00e9m de hits que marcaram a trajet\u00f3ria do grupo, entre eles <strong>\u201cEnvelhe\u00e7o na Cidade\u201d<\/strong>, <strong>\u201cDias de Luta\u201d<\/strong>, <strong>\u201cFlores em Voc\u00ea\u201d<\/strong>, <strong>\u201cN\u00facleo Base\u201d<\/strong> e <strong>\u201c15 Anos\u201d<\/strong>.<\/p>\n\n\n\n<div class=\"is-layout-flex wp-container-4 wp-block-columns\">\n<div class=\"is-layout-flow wp-block-column\">\n<figure class=\"wp-block-image size-large\"><a href=\"https:\/\/radiopirada.com\/radiopirada\/wp-content\/uploads\/2025\/11\/WhatsApp-Image-2025-11-11-at-08.04.02.jpeg\"><img decoding=\"async\" loading=\"lazy\" width=\"461\" height=\"1024\" src=\"https:\/\/radiopirada.com\/radiopirada\/wp-content\/uploads\/2025\/11\/WhatsApp-Image-2025-11-11-at-08.04.02-461x1024.jpeg\" alt=\"\" class=\"wp-image-601\" srcset=\"http:\/\/radiopirada.com\/radiopirada\/wp-content\/uploads\/2025\/11\/WhatsApp-Image-2025-11-11-at-08.04.02-461x1024.jpeg 461w, http:\/\/radiopirada.com\/radiopirada\/wp-content\/uploads\/2025\/11\/WhatsApp-Image-2025-11-11-at-08.04.02-135x300.jpeg 135w, http:\/\/radiopirada.com\/radiopirada\/wp-content\/uploads\/2025\/11\/WhatsApp-Image-2025-11-11-at-08.04.02-691x1536.jpeg 691w, http:\/\/radiopirada.com\/radiopirada\/wp-content\/uploads\/2025\/11\/WhatsApp-Image-2025-11-11-at-08.04.02.jpeg 720w\" sizes=\"(max-width: 461px) 100vw, 461px\" \/><\/a><figcaption class=\"wp-element-caption\">Foto: Susi Tesch | Juba Carvalho, (percuss\u00e3o) <\/figcaption><\/figure>\n<\/div>\n\n\n\n<div class=\"is-layout-flow wp-block-column\">\n<figure class=\"wp-block-image size-large\"><a href=\"https:\/\/radiopirada.com\/radiopirada\/wp-content\/uploads\/2025\/11\/WhatsApp-Image-2025-11-11-at-08.02.16.jpeg\"><img decoding=\"async\" loading=\"lazy\" width=\"461\" height=\"1024\" src=\"https:\/\/radiopirada.com\/radiopirada\/wp-content\/uploads\/2025\/11\/WhatsApp-Image-2025-11-11-at-08.02.16-461x1024.jpeg\" alt=\"\" class=\"wp-image-602\" srcset=\"http:\/\/radiopirada.com\/radiopirada\/wp-content\/uploads\/2025\/11\/WhatsApp-Image-2025-11-11-at-08.02.16-461x1024.jpeg 461w, http:\/\/radiopirada.com\/radiopirada\/wp-content\/uploads\/2025\/11\/WhatsApp-Image-2025-11-11-at-08.02.16-135x300.jpeg 135w, http:\/\/radiopirada.com\/radiopirada\/wp-content\/uploads\/2025\/11\/WhatsApp-Image-2025-11-11-at-08.02.16-691x1536.jpeg 691w, http:\/\/radiopirada.com\/radiopirada\/wp-content\/uploads\/2025\/11\/WhatsApp-Image-2025-11-11-at-08.02.16.jpeg 720w\" sizes=\"(max-width: 461px) 100vw, 461px\" \/><\/a><figcaption class=\"wp-element-caption\">Foto: Susi Tesch | Edgard Scandurra (guitarra) e Nasi (vocal) <\/figcaption><\/figure>\n<\/div>\n\n\n\n<div class=\"is-layout-flow wp-block-column\">\n<figure class=\"wp-block-image size-large\"><a href=\"https:\/\/radiopirada.com\/radiopirada\/wp-content\/uploads\/2025\/11\/WhatsApp-Image-2025-11-10-at-20.13.36.jpeg\"><img decoding=\"async\" loading=\"lazy\" width=\"461\" height=\"1024\" src=\"https:\/\/radiopirada.com\/radiopirada\/wp-content\/uploads\/2025\/11\/WhatsApp-Image-2025-11-10-at-20.13.36-461x1024.jpeg\" alt=\"\" class=\"wp-image-603\" srcset=\"http:\/\/radiopirada.com\/radiopirada\/wp-content\/uploads\/2025\/11\/WhatsApp-Image-2025-11-10-at-20.13.36-461x1024.jpeg 461w, http:\/\/radiopirada.com\/radiopirada\/wp-content\/uploads\/2025\/11\/WhatsApp-Image-2025-11-10-at-20.13.36-135x300.jpeg 135w, http:\/\/radiopirada.com\/radiopirada\/wp-content\/uploads\/2025\/11\/WhatsApp-Image-2025-11-10-at-20.13.36-691x1536.jpeg 691w, http:\/\/radiopirada.com\/radiopirada\/wp-content\/uploads\/2025\/11\/WhatsApp-Image-2025-11-10-at-20.13.36.jpeg 720w\" sizes=\"(max-width: 461px) 100vw, 461px\" \/><\/a><figcaption class=\"wp-element-caption\">Foto: Susi Tesch | Daniel Scandurra (baixo)<\/figcaption><\/figure>\n\n\n\n<p><\/p>\n<\/div>\n<\/div>\n\n\n\n<figure class=\"wp-block-image size-large\"><a href=\"https:\/\/radiopirada.com\/radiopirada\/wp-content\/uploads\/2025\/11\/WhatsApp-Image-2025-11-10-at-20.12.39.jpeg\"><img decoding=\"async\" loading=\"lazy\" width=\"1024\" height=\"461\" src=\"https:\/\/radiopirada.com\/radiopirada\/wp-content\/uploads\/2025\/11\/WhatsApp-Image-2025-11-10-at-20.12.39-1024x461.jpeg\" alt=\"\" class=\"wp-image-604\" srcset=\"http:\/\/radiopirada.com\/radiopirada\/wp-content\/uploads\/2025\/11\/WhatsApp-Image-2025-11-10-at-20.12.39-1024x461.jpeg 1024w, http:\/\/radiopirada.com\/radiopirada\/wp-content\/uploads\/2025\/11\/WhatsApp-Image-2025-11-10-at-20.12.39-300x135.jpeg 300w, http:\/\/radiopirada.com\/radiopirada\/wp-content\/uploads\/2025\/11\/WhatsApp-Image-2025-11-10-at-20.12.39-768x346.jpeg 768w, http:\/\/radiopirada.com\/radiopirada\/wp-content\/uploads\/2025\/11\/WhatsApp-Image-2025-11-10-at-20.12.39-1536x691.jpeg 1536w, http:\/\/radiopirada.com\/radiopirada\/wp-content\/uploads\/2025\/11\/WhatsApp-Image-2025-11-10-at-20.12.39.jpeg 1600w\" sizes=\"(max-width: 1024px) 100vw, 1024px\" \/><\/a><figcaption class=\"wp-element-caption\">Foto: Susi Tesch | P\u00fablico do show do IRA! no audit\u00f3rio Ara\u00fajo Vianna<\/figcaption><\/figure>\n\n\n\n<div class=\"is-layout-flex wp-container-8 wp-block-columns\">\n<div class=\"is-layout-flow wp-block-column\">\n<figure class=\"wp-block-image size-large\"><a href=\"https:\/\/radiopirada.com\/radiopirada\/wp-content\/uploads\/2025\/11\/WhatsApp-Image-2025-11-10-at-08.39.30.jpeg\"><img decoding=\"async\" loading=\"lazy\" width=\"461\" height=\"1024\" src=\"https:\/\/radiopirada.com\/radiopirada\/wp-content\/uploads\/2025\/11\/WhatsApp-Image-2025-11-10-at-08.39.30-461x1024.jpeg\" alt=\"\" class=\"wp-image-605\" srcset=\"http:\/\/radiopirada.com\/radiopirada\/wp-content\/uploads\/2025\/11\/WhatsApp-Image-2025-11-10-at-08.39.30-461x1024.jpeg 461w, http:\/\/radiopirada.com\/radiopirada\/wp-content\/uploads\/2025\/11\/WhatsApp-Image-2025-11-10-at-08.39.30-135x300.jpeg 135w, http:\/\/radiopirada.com\/radiopirada\/wp-content\/uploads\/2025\/11\/WhatsApp-Image-2025-11-10-at-08.39.30-691x1536.jpeg 691w, http:\/\/radiopirada.com\/radiopirada\/wp-content\/uploads\/2025\/11\/WhatsApp-Image-2025-11-10-at-08.39.30.jpeg 720w\" sizes=\"(max-width: 461px) 100vw, 461px\" \/><\/a><figcaption class=\"wp-element-caption\">Foto: Susi Tesch | Edgard Scandurra (guitarra), Nasi (vocal) e Jonas Moncaio (violoncelo)<\/figcaption><\/figure>\n<\/div>\n\n\n\n<div class=\"is-layout-flow wp-block-column\">\n<figure class=\"wp-block-image size-large\"><a href=\"https:\/\/radiopirada.com\/radiopirada\/wp-content\/uploads\/2025\/11\/WhatsApp-Image-2025-11-10-at-20.15.40-2.jpeg\"><img decoding=\"async\" loading=\"lazy\" width=\"461\" height=\"1024\" src=\"https:\/\/radiopirada.com\/radiopirada\/wp-content\/uploads\/2025\/11\/WhatsApp-Image-2025-11-10-at-20.15.40-2-461x1024.jpeg\" alt=\"\" class=\"wp-image-606\" srcset=\"http:\/\/radiopirada.com\/radiopirada\/wp-content\/uploads\/2025\/11\/WhatsApp-Image-2025-11-10-at-20.15.40-2-461x1024.jpeg 461w, http:\/\/radiopirada.com\/radiopirada\/wp-content\/uploads\/2025\/11\/WhatsApp-Image-2025-11-10-at-20.15.40-2-135x300.jpeg 135w, http:\/\/radiopirada.com\/radiopirada\/wp-content\/uploads\/2025\/11\/WhatsApp-Image-2025-11-10-at-20.15.40-2-691x1536.jpeg 691w, http:\/\/radiopirada.com\/radiopirada\/wp-content\/uploads\/2025\/11\/WhatsApp-Image-2025-11-10-at-20.15.40-2.jpeg 720w\" sizes=\"(max-width: 461px) 100vw, 461px\" \/><\/a><figcaption class=\"wp-element-caption\">Foto: Susi Tesch | Edgard Scandurra (guitarra)<\/figcaption><\/figure>\n<\/div>\n\n\n\n<div class=\"is-layout-flow wp-block-column\">\n<figure class=\"wp-block-image size-large\"><a href=\"https:\/\/radiopirada.com\/radiopirada\/wp-content\/uploads\/2025\/11\/WhatsApp-Image-2025-11-10-at-20.13.23.jpeg\"><img decoding=\"async\" loading=\"lazy\" width=\"461\" height=\"1024\" src=\"https:\/\/radiopirada.com\/radiopirada\/wp-content\/uploads\/2025\/11\/WhatsApp-Image-2025-11-10-at-20.13.23-461x1024.jpeg\" alt=\"\" class=\"wp-image-607\" srcset=\"http:\/\/radiopirada.com\/radiopirada\/wp-content\/uploads\/2025\/11\/WhatsApp-Image-2025-11-10-at-20.13.23-461x1024.jpeg 461w, http:\/\/radiopirada.com\/radiopirada\/wp-content\/uploads\/2025\/11\/WhatsApp-Image-2025-11-10-at-20.13.23-135x300.jpeg 135w, http:\/\/radiopirada.com\/radiopirada\/wp-content\/uploads\/2025\/11\/WhatsApp-Image-2025-11-10-at-20.13.23-691x1536.jpeg 691w, http:\/\/radiopirada.com\/radiopirada\/wp-content\/uploads\/2025\/11\/WhatsApp-Image-2025-11-10-at-20.13.23.jpeg 720w\" sizes=\"(max-width: 461px) 100vw, 461px\" \/><\/a><figcaption class=\"wp-element-caption\">Foto: Susi Tesch | Nasi (vocal)<\/figcaption><\/figure>\n<\/div>\n<\/div>\n","protected":false},"excerpt":{"rendered":"<div class=\"mh-excerpt\"><p>Noite re\u00fane nostalgia, sucessos e manifesta\u00e7\u00e3o do p\u00fablico contra anistia A banda IRA! voltou ao palco do Ara\u00fajo Vianna, em Porto Alegre, no s\u00e1bado (8), <a class=\"mh-excerpt-more\" href=\"http:\/\/radiopirada.com\/radiopirada\/?p=599\" title=\"IRA! celebra 20 anos do Ac\u00fastico MTV em Porto Alegre sob coro de \u201csem anistia\u201d\">[&#8230;]<\/a><\/p>\n<\/div>","protected":false},"author":1,"featured_media":600,"comment_status":"open","ping_status":"open","sticky":false,"template":"","format":"standard","meta":[],"categories":[6],"tags":[153,184,58,186,60,185,187,59,29,43,30,188,42],"_links":{"self":[{"href":"http:\/\/radiopirada.com\/radiopirada\/index.php?rest_route=\/wp\/v2\/posts\/599"}],"collection":[{"href":"http:\/\/radiopirada.com\/radiopirada\/index.php?rest_route=\/wp\/v2\/posts"}],"about":[{"href":"http:\/\/radiopirada.com\/radiopirada\/index.php?rest_route=\/wp\/v2\/types\/post"}],"author":[{"embeddable":true,"href":"http:\/\/radiopirada.com\/radiopirada\/index.php?rest_route=\/wp\/v2\/users\/1"}],"replies":[{"embeddable":true,"href":"http:\/\/radiopirada.com\/radiopirada\/index.php?rest_route=%2Fwp%2Fv2%2Fcomments&post=599"}],"version-history":[{"count":3,"href":"http:\/\/radiopirada.com\/radiopirada\/index.php?rest_route=\/wp\/v2\/posts\/599\/revisions"}],"predecessor-version":[{"id":610,"href":"http:\/\/radiopirada.com\/radiopirada\/index.php?rest_route=\/wp\/v2\/posts\/599\/revisions\/610"}],"wp:featuredmedia":[{"embeddable":true,"href":"http:\/\/radiopirada.com\/radiopirada\/index.php?rest_route=\/wp\/v2\/media\/600"}],"wp:attachment":[{"href":"http:\/\/radiopirada.com\/radiopirada\/index.php?rest_route=%2Fwp%2Fv2%2Fmedia&parent=599"}],"wp:term":[{"taxonomy":"category","embeddable":true,"href":"http:\/\/radiopirada.com\/radiopirada\/index.php?rest_route=%2Fwp%2Fv2%2Fcategories&post=599"},{"taxonomy":"post_tag","embeddable":true,"href":"http:\/\/radiopirada.com\/radiopirada\/index.php?rest_route=%2Fwp%2Fv2%2Ftags&post=599"}],"curies":[{"name":"wp","href":"https:\/\/api.w.org\/{rel}","templated":true}]}}