{"id":546,"date":"2024-03-18T21:21:58","date_gmt":"2024-03-19T00:21:58","guid":{"rendered":"https:\/\/radiopirada.com\/radiopirada\/?p=546"},"modified":"2024-03-18T21:22:03","modified_gmt":"2024-03-19T00:22:03","slug":"lilian-knapp-da-jovem-guarda-ao-underground","status":"publish","type":"post","link":"http:\/\/radiopirada.com\/radiopirada\/?p=546","title":{"rendered":"Lilian Knapp: da Jovem Guarda ao underground"},"content":{"rendered":"\n<p>Lilian Knapp iniciou sua carreira de cantora aos 16 anos, formando dupla com Leno. Ela era uma das estrelas da Jovem Guarda,&nbsp; movimento cultural de enorme sucesso nos anos 1960, do qual faziam parte Erasmo e Roberto Carlos. Nos anos 1980, Lilian seguiu carreira solo e, com essa trajet\u00f3ria, passou a ter dois grupos de f\u00e3s: um da primeira fase e outro, da segunda, quando gravou o sucesso&nbsp;<em>Sou Rebelde<\/em>, de Paulo Coelho.<\/p>\n\n\n\n<p>Mas hoje, aos 74 anos, \u00e9 que sua \u201crebeldia\u201d est\u00e1 mais evidente. Paralelamente \u00e0 carreira solo, ela faz parte da banda de rock independente Kynna Underground, criada em 2008, ao lado de Lu\u00eds Carlini, na guitarra, e Kdu Nolla, na bateria.<\/p>\n\n\n\n<p>A banda \u00e9 totalmente diferente de tudo que Lilian j\u00e1 havia feito. Eles gravaram, por exemplo,&nbsp;<em>Um Lugar do Caralho,&nbsp;<\/em>do m\u00fasico ga\u00facho J\u00fapiter Ma\u00e7\u00e3. \u201cO p\u00fablico da Jovem Guarda se chocaria com os palavr\u00f5es\u201d, diz ela. O \u00e1lbum da banda,&nbsp;<em>Underground<\/em>, tem duas faixas autorais e 10 de releituras de bandas do rock ga\u00facho, entre elas,&nbsp;<em>Miss Lexotan 6mg<\/em>, tamb\u00e9m de J\u00fapiter Ma\u00e7\u00e3.&nbsp; \u201cEu sou Miss Lexotan, me identifiquei perfeitamente com a m\u00fasica em v\u00e1rios momentos.\u201d<\/p>\n\n\n\n<p>Em um dos shows da banda em S\u00e3o Paulo, quando divulgavam o disco, Lilian foi surpreendida pelo interesse de f\u00e3s bem jovens. \u201cA casa era de dois andares, as pessoas passavam pelo nosso andar para comprar cerveja e ficavam ouvindo a gente.\u201d Foi uma experi\u00eancia nova para a cantora, pois, quando estreou nos palcos na \u00e9poca da Jovem Guarda, ela j\u00e1 era famosa. \u201cEu n\u00e3o tinha receio de entrar no palco, pois sabia que estavam me esperando\u201d, conta. Com a Kynna, ela se apresenta sem ser conhecida. \u201cSer aceita nesse meio underground \u00e9 mais legal ainda\u201d, diz Lilian. A \u00fanica m\u00fasica antiga de sucesso que tocaram naquela noite foi&nbsp;<em>Pobre Menina<\/em>, que j\u00e1 virou&nbsp;<em>cult<\/em>. \u201cTenho muitos f\u00e3s jovens que vieram por causa dos pais\u201d, diz ela.<\/p>\n\n\n\n<div class=\"is-layout-flex wp-container-3 wp-block-columns are-vertically-aligned-center\">\n<div class=\"is-layout-flow wp-block-column\">\n<figure class=\"wp-block-image size-large\"><a href=\"http:\/\/radiopirada.com\/radiopirada\/wp-content\/uploads\/2022\/12\/Foto3_Fernando-_Flambart_NAO-TRATADA-scaled.jpg\"><img decoding=\"async\" loading=\"lazy\" width=\"683\" height=\"1024\" src=\"http:\/\/radiopirada.com\/radiopirada\/wp-content\/uploads\/2022\/12\/Foto3_Fernando-_Flambart_NAO-TRATADA-683x1024.jpg\" alt=\"\" class=\"wp-image-553\" srcset=\"http:\/\/radiopirada.com\/radiopirada\/wp-content\/uploads\/2022\/12\/Foto3_Fernando-_Flambart_NAO-TRATADA-683x1024.jpg 683w, http:\/\/radiopirada.com\/radiopirada\/wp-content\/uploads\/2022\/12\/Foto3_Fernando-_Flambart_NAO-TRATADA-200x300.jpg 200w, http:\/\/radiopirada.com\/radiopirada\/wp-content\/uploads\/2022\/12\/Foto3_Fernando-_Flambart_NAO-TRATADA-768x1152.jpg 768w, http:\/\/radiopirada.com\/radiopirada\/wp-content\/uploads\/2022\/12\/Foto3_Fernando-_Flambart_NAO-TRATADA-1024x1536.jpg 1024w, http:\/\/radiopirada.com\/radiopirada\/wp-content\/uploads\/2022\/12\/Foto3_Fernando-_Flambart_NAO-TRATADA-1365x2048.jpg 1365w, http:\/\/radiopirada.com\/radiopirada\/wp-content\/uploads\/2022\/12\/Foto3_Fernando-_Flambart_NAO-TRATADA-scaled.jpg 1707w\" sizes=\"(max-width: 683px) 100vw, 683px\" \/><\/a><figcaption class=\"wp-element-caption\">Foto: Fernando Flambart\/Divulga\u00e7\u00e3o<\/figcaption><\/figure>\n<\/div>\n\n\n\n<div class=\"is-layout-flow wp-block-column\">\n<figure class=\"wp-block-pullquote\"><blockquote><p>&nbsp;\u201cO complicado de ficar jovem por muito tempo, \u00e9 que voc\u00ea vai envelhecendo e o corpo n\u00e3o acompanha a sua cabe\u00e7a\u201d<\/p><cite>Lilian Knapp<\/cite><\/blockquote><\/figure>\n<\/div>\n<\/div>\n\n\n\n<p>Mesmo com o entusiasmo por ter novos f\u00e3s, Lilian conta que foi o p\u00fablico da Jovem Guarda, que envelheceu com ela, que n\u00e3o a abandonou durante os piores momentos da pandemia. \u201cSe n\u00e3o fosse por eles, n\u00e3o sei o que teria sido da minha vida.\u201d Foram praticamente tr\u00eas anos participando s\u00f3 de alguns shows virtuais. Mas ela aproveitou para escrever dois livros e vender CDs e camisetas para seus admiradores. \u201cPassei muito bem esse per\u00edodo gra\u00e7as aos f\u00e3s\u201d, reconhece. Lilian diz que o rock&nbsp; mant\u00e9m seu esp\u00edrito jovem. \u201cO complicado de ficar jovem por muito tempo \u00e9 que voc\u00ea vai envelhecendo e o corpo n\u00e3o acompanha a sua cabe\u00e7a.\u201d<\/p>\n\n\n<div class=\"wp-block-image\">\n<figure class=\"aligncenter size-large\"><a href=\"http:\/\/radiopirada.com\/radiopirada\/wp-content\/uploads\/2023\/03\/IMG_8729-1024x1536-1.jpg\"><img decoding=\"async\" loading=\"lazy\" width=\"683\" height=\"1024\" src=\"http:\/\/radiopirada.com\/radiopirada\/wp-content\/uploads\/2023\/03\/IMG_8729-1024x1536-1-683x1024.jpg\" alt=\"\" class=\"wp-image-562\" srcset=\"http:\/\/radiopirada.com\/radiopirada\/wp-content\/uploads\/2023\/03\/IMG_8729-1024x1536-1-683x1024.jpg 683w, http:\/\/radiopirada.com\/radiopirada\/wp-content\/uploads\/2023\/03\/IMG_8729-1024x1536-1-200x300.jpg 200w, http:\/\/radiopirada.com\/radiopirada\/wp-content\/uploads\/2023\/03\/IMG_8729-1024x1536-1-768x1152.jpg 768w, http:\/\/radiopirada.com\/radiopirada\/wp-content\/uploads\/2023\/03\/IMG_8729-1024x1536-1.jpg 1024w\" sizes=\"(max-width: 683px) 100vw, 683px\" \/><\/a><figcaption class=\"wp-element-caption\">Lilian Knapp formou a Banda Kynna com Luis Carlini e Kdu Nolla e ganhou novos f\u00e3s | Foto: Fernando Flambart\/Divulga\u00e7\u00e3o<\/figcaption><\/figure><\/div>\n\n\n<p><strong>Confira a entrevista completa com a Lilian Knapp<\/strong> <\/p>\n\n\n\n<figure class=\"wp-block-audio aligncenter\"><audio controls src=\"https:\/\/radiopirada.com\/radiopirada\/wp-content\/uploads\/2023\/03\/Lilian-Knapp.mp3\"><\/audio><figcaption class=\"wp-element-caption\">Bate papo com Lilian Knapp<\/figcaption><\/figure>\n\n\n\n<figure class=\"wp-block-image size-full\"><a href=\"https:\/\/radiopirada.com\/radiopirada\/wp-content\/uploads\/2023\/03\/Lilian-Knapp-4-1024x611-1.jpeg\"><img decoding=\"async\" loading=\"lazy\" width=\"1024\" height=\"611\" src=\"https:\/\/radiopirada.com\/radiopirada\/wp-content\/uploads\/2023\/03\/Lilian-Knapp-4-1024x611-1.jpeg\" alt=\"\" class=\"wp-image-563\" srcset=\"http:\/\/radiopirada.com\/radiopirada\/wp-content\/uploads\/2023\/03\/Lilian-Knapp-4-1024x611-1.jpeg 1024w, http:\/\/radiopirada.com\/radiopirada\/wp-content\/uploads\/2023\/03\/Lilian-Knapp-4-1024x611-1-300x179.jpeg 300w, http:\/\/radiopirada.com\/radiopirada\/wp-content\/uploads\/2023\/03\/Lilian-Knapp-4-1024x611-1-768x458.jpeg 768w\" sizes=\"(max-width: 1024px) 100vw, 1024px\" \/><\/a><figcaption class=\"wp-element-caption\">                                                        Arte: Gabriela Dadda Bittencourt<\/figcaption><\/figure>\n\n\n\n<p><\/p>\n\n\n\n<p><\/p>\n","protected":false},"excerpt":{"rendered":"<div class=\"mh-excerpt\"><p>Lilian Knapp iniciou sua carreira de cantora aos 16 anos, formando dupla com Leno. Ela era uma das estrelas da Jovem Guarda,&nbsp; movimento cultural de <a class=\"mh-excerpt-more\" href=\"http:\/\/radiopirada.com\/radiopirada\/?p=546\" title=\"Lilian Knapp: da Jovem Guarda ao underground\">[&#8230;]<\/a><\/p>\n<\/div>","protected":false},"author":1,"featured_media":547,"comment_status":"open","ping_status":"open","sticky":false,"template":"","format":"standard","meta":[],"categories":[6,111],"tags":[179,180,178,29,43,30,14,42,170],"_links":{"self":[{"href":"http:\/\/radiopirada.com\/radiopirada\/index.php?rest_route=\/wp\/v2\/posts\/546"}],"collection":[{"href":"http:\/\/radiopirada.com\/radiopirada\/index.php?rest_route=\/wp\/v2\/posts"}],"about":[{"href":"http:\/\/radiopirada.com\/radiopirada\/index.php?rest_route=\/wp\/v2\/types\/post"}],"author":[{"embeddable":true,"href":"http:\/\/radiopirada.com\/radiopirada\/index.php?rest_route=\/wp\/v2\/users\/1"}],"replies":[{"embeddable":true,"href":"http:\/\/radiopirada.com\/radiopirada\/index.php?rest_route=%2Fwp%2Fv2%2Fcomments&post=546"}],"version-history":[{"count":8,"href":"http:\/\/radiopirada.com\/radiopirada\/index.php?rest_route=\/wp\/v2\/posts\/546\/revisions"}],"predecessor-version":[{"id":579,"href":"http:\/\/radiopirada.com\/radiopirada\/index.php?rest_route=\/wp\/v2\/posts\/546\/revisions\/579"}],"wp:featuredmedia":[{"embeddable":true,"href":"http:\/\/radiopirada.com\/radiopirada\/index.php?rest_route=\/wp\/v2\/media\/547"}],"wp:attachment":[{"href":"http:\/\/radiopirada.com\/radiopirada\/index.php?rest_route=%2Fwp%2Fv2%2Fmedia&parent=546"}],"wp:term":[{"taxonomy":"category","embeddable":true,"href":"http:\/\/radiopirada.com\/radiopirada\/index.php?rest_route=%2Fwp%2Fv2%2Fcategories&post=546"},{"taxonomy":"post_tag","embeddable":true,"href":"http:\/\/radiopirada.com\/radiopirada\/index.php?rest_route=%2Fwp%2Fv2%2Ftags&post=546"}],"curies":[{"name":"wp","href":"https:\/\/api.w.org\/{rel}","templated":true}]}}