{"id":510,"date":"2022-12-15T08:49:55","date_gmt":"2022-12-15T11:49:55","guid":{"rendered":"https:\/\/radiopirada.com\/radiopirada\/?p=510"},"modified":"2022-12-15T09:00:27","modified_gmt":"2022-12-15T12:00:27","slug":"sergio-dias-rock-and-roll-na-veia","status":"publish","type":"post","link":"http:\/\/radiopirada.com\/radiopirada\/?p=510","title":{"rendered":"S\u00e9rgio Dias rock and roll na veia"},"content":{"rendered":"\n<p class=\"has-text-align-right\"> Susi Tesch<\/p>\n\n\n\n<p>S\u00e9rgio Dias, 72 anos, guitarrista e vocalista da banda Os Mutantes, ele administra sua carreira entre Estados Unidos, Europa e Brasil, \u00e9 uma grande recompensa que a vida lhe deu. S\u00e3o\u00a056 anos na estrada. \u201cEu fiz o que quis e nunca fui desonesto em m\u00fasica. Sempre falei e compus o que eu acreditava e sentia\u201d, diz.<\/p>\n\n\n\n<p>Para S\u00e9rgio, olhar para tr\u00e1s \u00e9 uma gl\u00f3ria ao relembrar sua longa trajet\u00f3ria na m\u00fasica: \u201cT\u00e1 vendo, para todo mundo que sempre falou mal da gente, sempre atacou. Sempre fomos muito criticados. Principalmente quando houve a volta dos Mutantes, com a Z\u00e9lia Duncan no vocal, em 2006. Inclusive a Rita Lee falou um monte de bobagem, ent\u00e3o fica a\u00ed agora para eles ouvirem. J\u00e1 nem sei o n\u00famero da turn\u00ea que estamos.\u201d A banda j\u00e1 passou por diversas forma\u00e7\u00f5es desde seu retorno, com a sa\u00edda da Z\u00e9lia Duncan, assume Bia Mendes que foi back vocal de Rita Lee, e atualmente a vocalista da banda \u00e9 Esm\u00e9ria Bulgari. Em 2013 Claudio Tchernev assume a bateria no lugar do Dinho Leme.<\/p>\n\n\n\n<p>No momento, S\u00e9rgio est\u00e1 voltando aos palcos  ap\u00f3s pandemia, retornando com a sua rotina de exerc\u00edcios para se manter em forma, devido ao isolamento social durante a pandemia, ficou um pouco sedent\u00e1rio. Passou dois anos sentado vendo televis\u00e3o e est\u00e1 dif\u00edcil quebrar o h\u00e1bito, ainda que o m\u00fasico esteja consciente de que ter\u00e1 que voltar a fazer caminhadas e se movimentar mais para ter um pouco de for\u00e7a. O artista sofre de um problema em uma v\u00e9rtebra da coluna, localizado na L5, que se deslocou, chama-se Espondilolistese, o que incomoda no dia a dia. \u201cIsso d\u00f3i demais, principalmente ao se abaixar, ficar de p\u00e9 por muito tempo, tenho que dar uma checada nisso, mas isso nunca me impediu de fazer algum show\u201d, desabafa.<\/p>\n\n\n\n<p>S\u00e9rgio tamb\u00e9m teve uma infec\u00e7\u00e3o generalizada quando fez uma bi\u00f3psia da pr\u00f3stata e quase morreu. Recuperado, 15 dias depois tocava nos Estados Unidos, em Nova York, com um cateter, com aproximadamente 60 cent\u00edmetros de comprimento, introduzido na veia do bra\u00e7o at\u00e9 chegar ao cora\u00e7\u00e3o para injetar antibi\u00f3tico direto na veia do cora\u00e7\u00e3o, mas de jeito nenhum, abandonou o palco. Somente cancelou um show no Brasil, em 2015, porque os m\u00e9dicos o prenderam dentro do hospital. Mas o dif\u00edcil mesmo s\u00e3o as viagens, \u201cmuito cansativas&#8221;, diz ele. Na primeira turn\u00ea 805, foram 27 mil quil\u00f4metros em uma van, com 30 shows em 32 dias. A atual turn\u00ea \u00e9 de onze mil quil\u00f4metros. Talvez quando a viagem for acima de 800 quil\u00f4metros, S\u00e9rgio opte pelo transporte a\u00e9reo para poupar as pernas e mande os jovens de van.<\/p>\n\n\n\n<div class=\"is-layout-flex wp-container-6 wp-block-columns\">\n<div class=\"is-layout-flow wp-block-column\" style=\"flex-basis:100%\">\n<div class=\"is-layout-flex wp-container-4 wp-block-columns\">\n<div class=\"is-layout-flow wp-block-column\" style=\"flex-basis:100%\">\n<div class=\"is-layout-flex wp-container-2 wp-block-columns\">\n<div class=\"is-layout-flow wp-block-column\">\n<figure class=\"wp-block-image size-large\"><a href=\"http:\/\/radiopirada.com\/radiopirada\/wp-content\/uploads\/2022\/11\/Sergio-Dias.jpeg\"><img decoding=\"async\" loading=\"lazy\" width=\"724\" height=\"1024\" src=\"http:\/\/radiopirada.com\/radiopirada\/wp-content\/uploads\/2022\/11\/Sergio-Dias-724x1024.jpeg\" alt=\"\" class=\"wp-image-512\" srcset=\"http:\/\/radiopirada.com\/radiopirada\/wp-content\/uploads\/2022\/11\/Sergio-Dias-724x1024.jpeg 724w, http:\/\/radiopirada.com\/radiopirada\/wp-content\/uploads\/2022\/11\/Sergio-Dias-212x300.jpeg 212w, http:\/\/radiopirada.com\/radiopirada\/wp-content\/uploads\/2022\/11\/Sergio-Dias-768x1086.jpeg 768w, http:\/\/radiopirada.com\/radiopirada\/wp-content\/uploads\/2022\/11\/Sergio-Dias.jpeg 827w\" sizes=\"(max-width: 724px) 100vw, 724px\" \/><\/a><figcaption>Arte: Betina Pegorini<\/figcaption><\/figure>\n\n\n\n<p>      <\/p>\n\n\n\n<p>        <\/p>\n\n\n\n<figure class=\"wp-block-pullquote\"><blockquote><p>\u201cSer um indiv\u00edduo \u00edntegro talvez seja a maior rebeldia que voc\u00ea possa ter, ainda mais nos dias de hoje\u201d<\/p><\/blockquote><\/figure>\n\n\n\n<p><strong>S\u00c9RGIO DIAS<\/strong>, guitarrista dos Mutantes<\/p>\n<\/div>\n<\/div>\n<\/div>\n<\/div>\n<\/div>\n<\/div>\n\n\n\n<p>Ser rebelde hoje para&nbsp; S\u00e9rgio \u00e9 continuar a fazer o que quer, quando e como ele quiser.<strong> <\/strong>\u201cSer um indiv\u00edduo \u00edntegro talvez seja a maior rebeldia que voc\u00ea possa ter, ainda mais nos dias de hoje\u201d, diz.<\/p>\n\n\n\n<p>\u201cNo Brasil, o maior legado que a ditadura nos deixou foi a corrup\u00e7\u00e3o. Se voc\u00eas soubessem as propostas que eu j\u00e1 recebi na \u00e9poca pra fazer m\u00fasicas absurdas. Esse mundo \u00e9 absurdamente podre, ent\u00e3o para mim \u00e9 uma grande gl\u00f3ria permanecer \u00edntegro. Isso foi a melhor coisa que eu fiz, eu nunca menti. Eu n\u00e3o minto na m\u00fasica. Eu falo a verdade.\u201d explica o m\u00fasico.&nbsp;<\/p>\n\n\n\n<p>Aos 71 anos, o m\u00fasico mant\u00e9m seu esp\u00edrito jovem. \u201cAcho que a gente tem que ser jovem. \u00c9 l\u00f3gico que a gente muda com a idade, o corpo muda, mas a cabe\u00e7a \u00e9 igual. Experi\u00eancias pelas quais passamos, como perdas e separa\u00e7\u00f5es. Quando se \u00e9 crian\u00e7a, geralmente n\u00e3o se tem essas problem\u00e1ticas. Mas voc\u00ea tem que continuar sentindo, nem que seja uma dor, se voc\u00ea come\u00e7ar a apagar a sua maneira de sentir, a\u00ed voc\u00ea est\u00e1 com s\u00e9rios problemas\u201d. diz S\u00e9rgio<\/p>\n\n\n\n<p>S\u00e9rgio atende o m\u00e1ximo de f\u00e3s que consegue e fica impressionado quando recebe v\u00eddeos de crian\u00e7as de dois anos cantando A<em>ndo meio desligado<\/em>, o que o toca profundamente. Mas o que ele acha muito louco \u00e9 que em seus shows a maior parte do p\u00fablico \u00e9 jovem, e n\u00e3o de pessoas com a mesma idade que a sua. \u201cO m\u00ednimo a se fazer \u00e9 manter uma banda que seja viva, que lance discos, que d\u00ea a cara a tapa. N\u00e3o adianta voltar para ser uma banda cover de Mutantes\u201d, fala o guitarrista. O grupo lan\u00e7ou quatro discos desde o retorno &#8211; a maior parte das composi\u00e7\u00f5es s\u00e3o em ingl\u00eas, mas h\u00e1&nbsp; m\u00fasicas em portugu\u00eas.&nbsp;<\/p>\n\n\n\n<div class=\"is-layout-flex wp-container-9 wp-block-columns\">\n<div class=\"is-layout-flow wp-block-column\">\n<figure class=\"wp-block-image size-large is-resized\"><a href=\"http:\/\/radiopirada.com\/radiopirada\/wp-content\/uploads\/2022\/11\/Sergio-Dias-2-scaled.jpg\"><img decoding=\"async\" loading=\"lazy\" src=\"http:\/\/radiopirada.com\/radiopirada\/wp-content\/uploads\/2022\/11\/Sergio-Dias-2-1024x754.jpg\" alt=\"\" class=\"wp-image-520\" width=\"291\" height=\"214\" srcset=\"http:\/\/radiopirada.com\/radiopirada\/wp-content\/uploads\/2022\/11\/Sergio-Dias-2-1024x754.jpg 1024w, http:\/\/radiopirada.com\/radiopirada\/wp-content\/uploads\/2022\/11\/Sergio-Dias-2-300x221.jpg 300w, http:\/\/radiopirada.com\/radiopirada\/wp-content\/uploads\/2022\/11\/Sergio-Dias-2-768x566.jpg 768w, http:\/\/radiopirada.com\/radiopirada\/wp-content\/uploads\/2022\/11\/Sergio-Dias-2-1536x1131.jpg 1536w, http:\/\/radiopirada.com\/radiopirada\/wp-content\/uploads\/2022\/11\/Sergio-Dias-2-2048x1508.jpg 2048w, http:\/\/radiopirada.com\/radiopirada\/wp-content\/uploads\/2022\/11\/Sergio-Dias-2-80x60.jpg 80w\" sizes=\"(max-width: 291px) 100vw, 291px\" \/><\/a><figcaption>Foto: Beta Klein\/Instagram<a href=\"https:\/\/www.instagram.com\/betaklein\/\" data-type=\"URL\" data-id=\"https:\/\/www.instagram.com\/betaklein\/\" target=\"_blank\" rel=\"noreferrer noopener\">@betaklein<\/a><\/figcaption><\/figure>\n<\/div>\n\n\n\n<div class=\"is-layout-flow wp-block-column\">\n<figure class=\"wp-block-image size-large is-resized\"><a href=\"https:\/\/radiopirada.com\/radiopirada\/wp-content\/uploads\/2022\/11\/Sergio-Dias-4-scaled.jpg\"><img decoding=\"async\" loading=\"lazy\" src=\"https:\/\/radiopirada.com\/radiopirada\/wp-content\/uploads\/2022\/11\/Sergio-Dias-4-1024x683.jpg\" alt=\"\" class=\"wp-image-521\" width=\"357\" height=\"238\" srcset=\"http:\/\/radiopirada.com\/radiopirada\/wp-content\/uploads\/2022\/11\/Sergio-Dias-4-1024x683.jpg 1024w, http:\/\/radiopirada.com\/radiopirada\/wp-content\/uploads\/2022\/11\/Sergio-Dias-4-300x200.jpg 300w, http:\/\/radiopirada.com\/radiopirada\/wp-content\/uploads\/2022\/11\/Sergio-Dias-4-768x512.jpg 768w, http:\/\/radiopirada.com\/radiopirada\/wp-content\/uploads\/2022\/11\/Sergio-Dias-4-1536x1024.jpg 1536w, http:\/\/radiopirada.com\/radiopirada\/wp-content\/uploads\/2022\/11\/Sergio-Dias-4-2048x1365.jpg 2048w\" sizes=\"(max-width: 357px) 100vw, 357px\" \/><\/a><figcaption>Foto: Beta Klein\/Instagram<a href=\"https:\/\/www.instagram.com\/betaklein\/\" data-type=\"URL\" data-id=\"https:\/\/www.instagram.com\/betaklein\/\" target=\"_blank\" rel=\"noreferrer noopener\"><strong>@betak<\/strong>lein<\/a><\/figcaption><\/figure>\n\n\n\n<p><\/p>\n<\/div>\n<\/div>\n\n\n\n<h3><strong>Eles e n\u00f3s<\/strong><\/h3>\n\n\n\n<p>O m\u00fasico sempre foi muito respeitado. Disciplinado, estudava doze horas por dia, filho de Clarisse Leite Dias Baptista, compositora, concertista e pianista,&nbsp; a primeira mulher do mundo a escrever um concerto para uma orquestra, cresceu e&nbsp; viveu no Teatro Municipal, por causa do trabalho da sua m\u00e3e. Ele tirava pe\u00e7as de Mozart ou Bach, mas com palheta. \u201c\u00c9 muito mais dif\u00edcil que voc\u00ea&nbsp; tocar com a m\u00e3o, na m\u00e3o voc\u00ea tem quatro dedos para tocar as cordas, com palheta \u00e9 uma s\u00f3, ent\u00e3o eu estudava e tinha uma t\u00e9cnica impec\u00e1vel\u201d explica o guitarrista.&nbsp; O n\u00edvel musical dos Mutantes \u00e9 o exemplo do que foram e fizeram. \u201c<em>Caminhante Noturno<\/em> \u00e9 uma casetada para \u00e9poca, o que a gente fez, em termos de orquestra e vocais. O nosso vocal era impec\u00e1vel, ningu\u00e9m podia falar nada, ent\u00e3o eles tinham que engolir a gente\u201d, conta o m\u00fasico.<\/p>\n\n\n\n<p>S\u00e9rgio recorda o primeiro festival Domingo no Parque, achou fant\u00e1stico quando ouviu a m\u00fasica\u00a0 <em>Ponteio<\/em> de Edu Lobo e Capinam , interpretada por Edu e por Mar\u00edlia Medalha, m\u00fasica que venceu o festival. Sem ter a menor ideia de quem eles eram, S\u00e9rgio foi ao camarim deles. \u201cEu n\u00e3o tinha a menor ideia que tinham eles e n\u00f3s. Pra mim eram m\u00fasicos\u201d, recorda S\u00e9rgio. Edu Lobo ficou chocado, quando S\u00e9rgio pediu para ele mostrar algo de sua t\u00e9cnica, mas mostrou de boa. Eram muitos m\u00fasicos bons: Quarteto Novo, o Airton, o Neto Pascoal. No meio de tantos m\u00fasicos bons, estava S\u00e9rgio Dias vivendo tudo isso. Mas \u00f3timo para ele era ser reconhecido como igual,\u00a0 por uma Elis Regina, por exemplo. \u201cEu tocava, tocava e brincava, ent\u00e3o eu sempre fui muito respeitado, o que \u00e9 muito bom\u201d, afirma o m\u00fasico.<\/p>\n\n\n\n<h3>Ind\u00fastria fonogr\u00e1fica<\/h3>\n\n\n\n<p>O primeiro show, nos Estados Unidos, no retorno da banda, saiu no New York Times, e citaram S\u00e9rgio Dias\u00a0 como o mesmo n\u00edvel de Santana e\u00a0 Eric Clapton, como guitar hero. Isso n\u00e3o \u00e9 f\u00e1cil de se conseguir. \u201cMas no Brasil a m\u00fasica acabou, um absurdo. Se voc\u00ea for pensar comparar com os anos 50 ou anos 60 ao que t\u00e1 acontecendo hoje, meu Deus do C\u00e9u! Lembra da Elis, do C\u00e9sar Camargo, do Jairo Rodrigues, do Miltinho. Era uma gama de gente t\u00e3o boa, Edu Lobo, Gilberto Gil, Caetano Veloso, Chico Buarque, n\u00e3o acabava mais. Quarteto em si, o Momento Quatro, e era tudo muito avangar. Sem falar do Jo\u00e3o Gilberto, Tom Jobim. Era uma safra que nunca mais apareceu, infelizmente\u201d, desabafa o m\u00fasico. O colapso de toda ind\u00fastria fonogr\u00e1fica, principalmente a quest\u00e3o do CD, destruiu as gravadoras, por causa de pirataria. Quanto \u00e0s plataformas de streaming, ainda n\u00e3o pagam nada, s\u00e3o os shows que mant\u00eam os m\u00fasicos.\u00a0<\/p>\n\n\n\n<p>Os \u00faltimos discos dos Mutantes foram lan\u00e7ados por gravadoras. Primeiro pela ANTE, o<em> Haih<\/em>, gravado em Calif\u00f3rnia, Los Angeles, depois o<em> Fool Metal Jack<\/em> Lan\u00e7ado em abril de 2013 pela gravadora norte-americana Krian Music Group. Depois teve um outro compacto da m\u00fasica <em>Black and grey<\/em> lan\u00e7ada oficialmente como <em>single<\/em> pelos Mutantes atrav\u00e9s da Kryan Music. A m\u00fasica \u00a0apela para a mulher de Donald Trump, Melania, para salvar os Estados Unidos do ex-presidente norte-americano. E esse \u00faltimo, o <strong>\u00a0<\/strong><em>Zzyzx<\/em><strong> <\/strong>agora lan\u00e7ado por um selo, da gravadora Jardim El\u00e9trico, no Brasil. S\u00e9rgio ao descobrir a gravadora com o nome de uma de suas m\u00fasicas, n\u00e3o teve d\u00favida, entrou em contato e decidiu lan\u00e7ar o disco pelo selo.\u00a0 Mas a pandemia acabou com a turn\u00ea do disco. \u201cEsse disco a gente perdeu. Agora que a gente vai come\u00e7ar a tocar ele.\u00a0 At\u00e9 agora a gente tocou uma vez\u201d, lamenta S\u00e9rgio.\u00a0\u00a0<\/p>\n\n\n\n<h3>Papo LiS\u00e9rgico Dias<\/h3>\n\n\n\n<p>A \u00faltima vez que S\u00e9rgio tomou \u00e1cido foi em\u00a0 Onsemi, na Calif\u00f3rnia, tinha acabado de tocar, e foi ver uma uma apresenta\u00e7\u00e3o de teatro com dan\u00e7a que estava tendo no local, quando chegou uma menina e insistiu para ele fumar um baseado. Ele n\u00e3o sabia, mas o baseado estava batizado. \u201cDei um tapa pra ser gentil com ela, eu n\u00e3o estava afim. Porra\u00a0 meu. Eles pingam \u00e1cido no baseado. Sai viajando feito louco. Eu e a Lourdes. N\u00f3s dois tomamos um belo \u00e1cido l\u00e1. Quando voc\u00ea toma um \u00e1cido inteiro do bom, voc\u00ea morre, como indiv\u00edduo. Da\u00ed o nome Grateful Dead. Voc\u00ea morre como indiv\u00edduo mas tem uma gratifica\u00e7\u00e3o que \u00e9, voc\u00ea virar o todo\u201d, conta S\u00e9rgio. Os discos A e o Z e Tudo Foi Feito Pelo Sol foram feitos, concebidos e gravados com LSD. Mas o \u00e1lbum Tudo foi feito pelo sol, foi gravado em um take.\u00a0 \u201cA gente botou a banda no est\u00fadio, at\u00e9 a mudan\u00e7a de guitarra para viol\u00e3o foi na hora, foi gravado em 50 minutos. N\u00e3o tinha meio erro. O \u00e1cido te d\u00e1 uma vis\u00e3o, audi\u00e7\u00e3o\u201d fala o m\u00fasico.<\/p>\n\n\n\n<div class=\"is-layout-flex wp-container-11 wp-block-columns\">\n<div class=\"is-layout-flow wp-block-column\">\n<h5><strong>Kokinho e o santo forte do S\u00e9rgio<\/strong><\/h5>\n<\/div>\n<\/div>\n\n\n\n<div class=\"is-layout-flex wp-container-14 wp-block-columns\">\n<div class=\"is-layout-flow wp-block-column\">\n<figure class=\"wp-block-image size-large\"><a href=\"https:\/\/radiopirada.com\/radiopirada\/wp-content\/uploads\/2022\/12\/tenda.jpg\"><img decoding=\"async\" loading=\"lazy\" width=\"462\" height=\"361\" src=\"https:\/\/radiopirada.com\/radiopirada\/wp-content\/uploads\/2022\/12\/tenda.jpg\" alt=\"\" class=\"wp-image-535\" srcset=\"http:\/\/radiopirada.com\/radiopirada\/wp-content\/uploads\/2022\/12\/tenda.jpg 462w, http:\/\/radiopirada.com\/radiopirada\/wp-content\/uploads\/2022\/12\/tenda-300x234.jpg 300w\" sizes=\"(max-width: 462px) 100vw, 462px\" \/><\/a><figcaption><strong>Foto<\/strong>:<a rel=\"noreferrer noopener\" href=\"http:\/\/www.dopropriobolso.com.br\/index.php\/musica-34379\/44-musica-brasileira\/1449-anos-70-a-tenda-do-calvario?fontstyle=f-smaller\" data-type=\"URL\" data-id=\"http:\/\/www.dopropriobolso.com.br\/index.php\/musica-34379\/44-musica-brasileira\/1449-anos-70-a-tenda-do-calvario?fontstyle=f-smaller\" target=\"_blank\">dopropriobolso.com.br<\/a><\/figcaption><\/figure>\n\n\n\n<p><\/p>\n<\/div>\n\n\n\n<div class=\"is-layout-flow wp-block-column\">\n<p>Tenda do Calv\u00e1rio, germinado com a Igreja do Calv\u00e1rio, situada na rua Cardeal Arcoverde, 950 no bairro Pinheiros, em S\u00e3o Paulo. Kokinho, integrante da banda Patrulha Do Espa\u00e7o tinha levado alguns \u00e1cidos para dar para S\u00e9rgio. Mas como S\u00e9rgio tem um santo muito forte, sentiu um sono absurdo e foi pra casa, em seguida chegou a pol\u00edcia, e prenderam todo mundo. \u201cPrenderam o T\u00falio, coitado do T\u00falio, imagine, T\u00falio Mour\u00e3o na cadeia.\u201d aos risos, conta S\u00e9rgio. <\/p>\n\n\n\n<p>&#8220;Kokinho ao inv\u00e9s de jogar os \u00e1cidos fora,  no cambur\u00e3o, onde tem a fresta do ar, tomou uns dez LSDs. Toda vez que o delegado falava alguma coisa, ele subitamente entrava em orgasmos. O delegado mandou soltar todo mundo, por tanto que o maluco do Kokinho sumisse da sua delegacia. \u00c9 maravilhosa essa vida. Essa quest\u00e3o do \u00e1cido \u00e9 uma coisa muito s\u00e9ria.&#8221; relembra o guitarrista.<\/p>\n<\/div>\n<\/div>\n\n\n\n<p>\u201cO movimento do Flower Power, n\u00e3o aconteceu s\u00f3 nos Estados Unidos.&nbsp; Se fosse pensar no Festival de Monterey, porra o que que nasceu l\u00e1? Jimmy Hendrix, Janis Joplin e Ravi Shankar. \u00c9 uma cacetada, ent\u00e3o \u00e9 esse n\u00edvel de liberdade que se tem\u201d, conta o m\u00fasico.<\/p>\n","protected":false},"excerpt":{"rendered":"<div class=\"mh-excerpt\"><p>Susi Tesch S\u00e9rgio Dias, 72 anos, guitarrista e vocalista da banda Os Mutantes, ele administra sua carreira entre Estados Unidos, Europa e Brasil, \u00e9 uma <a class=\"mh-excerpt-more\" href=\"http:\/\/radiopirada.com\/radiopirada\/?p=510\" title=\"S\u00e9rgio Dias rock and roll na veia\">[&#8230;]<\/a><\/p>\n<\/div>","protected":false},"author":1,"featured_media":511,"comment_status":"open","ping_status":"open","sticky":false,"template":"","format":"standard","meta":[],"categories":[6,156,111],"tags":[174,175,176,177,173,29,30,171,172,42],"_links":{"self":[{"href":"http:\/\/radiopirada.com\/radiopirada\/index.php?rest_route=\/wp\/v2\/posts\/510"}],"collection":[{"href":"http:\/\/radiopirada.com\/radiopirada\/index.php?rest_route=\/wp\/v2\/posts"}],"about":[{"href":"http:\/\/radiopirada.com\/radiopirada\/index.php?rest_route=\/wp\/v2\/types\/post"}],"author":[{"embeddable":true,"href":"http:\/\/radiopirada.com\/radiopirada\/index.php?rest_route=\/wp\/v2\/users\/1"}],"replies":[{"embeddable":true,"href":"http:\/\/radiopirada.com\/radiopirada\/index.php?rest_route=%2Fwp%2Fv2%2Fcomments&post=510"}],"version-history":[{"count":20,"href":"http:\/\/radiopirada.com\/radiopirada\/index.php?rest_route=\/wp\/v2\/posts\/510\/revisions"}],"predecessor-version":[{"id":541,"href":"http:\/\/radiopirada.com\/radiopirada\/index.php?rest_route=\/wp\/v2\/posts\/510\/revisions\/541"}],"wp:featuredmedia":[{"embeddable":true,"href":"http:\/\/radiopirada.com\/radiopirada\/index.php?rest_route=\/wp\/v2\/media\/511"}],"wp:attachment":[{"href":"http:\/\/radiopirada.com\/radiopirada\/index.php?rest_route=%2Fwp%2Fv2%2Fmedia&parent=510"}],"wp:term":[{"taxonomy":"category","embeddable":true,"href":"http:\/\/radiopirada.com\/radiopirada\/index.php?rest_route=%2Fwp%2Fv2%2Fcategories&post=510"},{"taxonomy":"post_tag","embeddable":true,"href":"http:\/\/radiopirada.com\/radiopirada\/index.php?rest_route=%2Fwp%2Fv2%2Ftags&post=510"}],"curies":[{"name":"wp","href":"https:\/\/api.w.org\/{rel}","templated":true}]}}