{"id":496,"date":"2022-08-30T22:01:45","date_gmt":"2022-08-31T01:01:45","guid":{"rendered":"http:\/\/radiopirada.com\/radiopirada\/?p=496"},"modified":"2022-08-30T22:15:58","modified_gmt":"2022-08-31T01:15:58","slug":"egisto-dal-santo-um-sujeito-underground","status":"publish","type":"post","link":"http:\/\/radiopirada.com\/radiopirada\/?p=496","title":{"rendered":"Egisto Dal Santo, um sujeito underground"},"content":{"rendered":"\n<p class=\"has-text-align-right\">S<strong>usi Tesch<\/strong><\/p>\n\n\n\n<p>Egisto Dal Santo J\u00fanior, nasceu em Soledade, no Rio Grande do Sul, em 25 de julho de 1964. Filho de Egisto Dal Santo e Diony Anuncia\u00e7\u00e3o Serrano Dal Santo. Tamb\u00e9m conhecido como Egisto Ophodge ou Egisto 2 \u00e9 um m\u00fasico multi-instrumentista, cantor, compositor, produtor cultural, produtor fonogr\u00e1fico e escritor.<\/p>\n\n\n\n<p>Atualmente possui tr\u00eas projetos musicais, O primeiro, <em>Egisto Dal Santo Exp<\/em>, \u00e9 um trabalho solo com can\u00e7\u00f5es pr\u00f3prias e releituras da MPB ao rock internacional. A forma\u00e7\u00e3o da banda que o acompanha varia de acordo com o dia, v\u00e1rios m\u00fasicos participam dessa experi\u00eancia. Para o p\u00fablico \u00e9 sempre uma expectativa, uma surpresa, com quais instrumentos Egisto tocar\u00e1 e quais m\u00fasicos que o acompanhar\u00e3o no show.<\/p>\n\n\n\n<p>Desde 2001, tamb\u00e9m atua com a banda Hist\u00f3rias do Rock Ga\u00facho, fazendo uma releitura e resgatando os cl\u00e1ssicos desde os anos 60. Egisto, na voz, guitarra, teclado e bandolim; Gambona, na guitarra; Gugu Mendes, no baixo e Paulo Aquari na bateria e participa\u00e7\u00f5es. Durante os shows, os integrantes da banda contam algumas hist\u00f3rias secretas do rock ga\u00facho, partilhando experi\u00eancias deles com grandes figurinhas carimbadas. Em 2005, Egisto lan\u00e7ou seu primeiro \u00e1lbum <em>Volume 1: Estradas<\/em> e, em 2011, <em>Volume 2: Esquinas<\/em>.&nbsp;<\/p>\n\n\n\n<p>Participa tamb\u00e9m do show <em>Tributo a Bebeco Garcia<\/em>, com o Bando dos Ciganos, justamente o grupo que acompanhava o m\u00fasico Bebeco, interpretando seu repert\u00f3rio com devo\u00e7\u00e3o. Dessa forma, eles mant\u00eam a mem\u00f3ria do artista, sem ser uma banda cover e, sim, a banda que acompanhou o artista em sua carreira solo.<\/p>\n\n\n\n<div class=\"wp-block-image\"><figure class=\"aligncenter size-large is-resized\"><a href=\"http:\/\/radiopirada.com\/radiopirada\/wp-content\/uploads\/2022\/08\/egt-bass-top-carlota.jpg\"><img decoding=\"async\" loading=\"lazy\" src=\"http:\/\/radiopirada.com\/radiopirada\/wp-content\/uploads\/2022\/08\/egt-bass-top-carlota-683x1024.jpg\" alt=\"\" class=\"wp-image-497\" width=\"482\" height=\"723\" srcset=\"http:\/\/radiopirada.com\/radiopirada\/wp-content\/uploads\/2022\/08\/egt-bass-top-carlota-683x1024.jpg 683w, http:\/\/radiopirada.com\/radiopirada\/wp-content\/uploads\/2022\/08\/egt-bass-top-carlota-200x300.jpg 200w, http:\/\/radiopirada.com\/radiopirada\/wp-content\/uploads\/2022\/08\/egt-bass-top-carlota-768x1152.jpg 768w, http:\/\/radiopirada.com\/radiopirada\/wp-content\/uploads\/2022\/08\/egt-bass-top-carlota-1024x1536.jpg 1024w, http:\/\/radiopirada.com\/radiopirada\/wp-content\/uploads\/2022\/08\/egt-bass-top-carlota.jpg 1067w\" sizes=\"(max-width: 482px) 100vw, 482px\" \/><\/a><figcaption><strong>FOTO: ADROALDO CASTRO<\/strong><\/figcaption><\/figure><\/div>\n\n\n\n<p><strong>Bandas<\/strong><\/p>\n\n\n\n<p>A carreira de Egisto iniciou em 1981 em Soledade, interior do Rio Grande do Sul. Nos dois anos seguintes tocou com a banda Ponto de Vista em S\u00e3o Leopoldo. Em 1983 passou um per\u00edodo em S\u00e3o Paulo, retornando em 1984 e se radicando em Porto Alegre.&nbsp; Em 1987, fundava a banda Colarinhos Ca\u00f3ticos. Nesse percurso, cruzou v\u00e1rias gera\u00e7\u00f5es do rock ga\u00facho, se envolvendo em mais 50 projetos musicais. Tocou ao lado de v\u00e1rios artistas como Edu K, Charles Masters, Bebeco Garcia, Jimi Joe, Julio Reny, Frank Jorge, Carlo Pianta, Beltr\u00e3o Vanini, Mitch Marini, F\u00e1bio Ly, Bebeto Mohr e Iben Ribeiro, entre outros.<\/p>\n\n\n\n<p>Com quatro d\u00e9cadas de estrada no rock, foram muitas bandas como a Colarinhos Ca\u00f3ticos, uma banda independente de rock alternativo \u201cpretensamente de vanguarda&#8221;, diz. A banda reunia Egisto na voz, guitarra e pedais; Beltr\u00e3o Vanini (baixo e voz), \u00c1lvaro Godolphin, no sax alto e tenor e Leandro Arag\u00e3o, na bateria.<\/p>\n\n\n\n<p>Uma das m\u00fasicas dos Colarinhos que se destacou foi a vers\u00e3o de \u201cDeu pra Ti\u201d, no disco <em>Agora pode ser o tempo todo<\/em>, de 1996, onde Kleiton e Kledir assinaram a releitura junto com o Egisto. A m\u00fasica mostra uma vers\u00e3o atualizada de Porto Alegre dos anos 90, desde a muvuca pelas ruas do bairro Bom Fim ao atraque no Bar do Jo\u00e3o.&nbsp;<\/p>\n\n\n\n<p>Outras bandas que n\u00e3o existem mais, mas que fizeram parte da trajet\u00f3ria de Egisto, s\u00e3o a Elektra, Groo Brothers, Ponto de Vista, Cretinice Me Atrai, Benedyct Eskine, Saltin Mantra, Sid Barreto, Afilhados do Sereno, Ventania, Banda Sem Nome, Spaceq\u00fceras, entre outras.<\/p>\n\n\n\n<div class=\"wp-block-image\"><figure class=\"aligncenter size-large\"><a href=\"http:\/\/radiopirada.com\/radiopirada\/wp-content\/uploads\/2022\/08\/MG_1509-copy-2-scaled.jpg\"><img decoding=\"async\" loading=\"lazy\" width=\"682\" height=\"1024\" src=\"http:\/\/radiopirada.com\/radiopirada\/wp-content\/uploads\/2022\/08\/MG_1509-copy-2-682x1024.jpg\" alt=\"\" class=\"wp-image-501\" srcset=\"http:\/\/radiopirada.com\/radiopirada\/wp-content\/uploads\/2022\/08\/MG_1509-copy-2-682x1024.jpg 682w, http:\/\/radiopirada.com\/radiopirada\/wp-content\/uploads\/2022\/08\/MG_1509-copy-2-200x300.jpg 200w, http:\/\/radiopirada.com\/radiopirada\/wp-content\/uploads\/2022\/08\/MG_1509-copy-2-768x1152.jpg 768w, http:\/\/radiopirada.com\/radiopirada\/wp-content\/uploads\/2022\/08\/MG_1509-copy-2-1024x1536.jpg 1024w, http:\/\/radiopirada.com\/radiopirada\/wp-content\/uploads\/2022\/08\/MG_1509-copy-2-1365x2048.jpg 1365w, http:\/\/radiopirada.com\/radiopirada\/wp-content\/uploads\/2022\/08\/MG_1509-copy-2-scaled.jpg 1706w\" sizes=\"(max-width: 682px) 100vw, 682px\" \/><\/a><figcaption><strong>FOTO: LU\u00cdS VIEIRA<\/strong><\/figcaption><\/figure><\/div>\n\n\n\n<p><strong>Influ\u00eancias musicais<\/strong><\/p>\n\n\n\n<p>Como compositor, Egisto tenta fazer um som diferente daquilo que todos conhecem, busca uma identidade sem nenhuma influ\u00eancia muito expressiva. Para ele, o fundamental \u00e9 a cria\u00e7\u00e3o de uma obra particular. A m\u00fasica brasileira acaba sendo a que mais predomina nas suas composi\u00e7\u00f5es, j\u00e1 que o artista considera seu repert\u00f3rio bem brasileiro: Mutantes, Arnaldo Baptista, o rock brasileiro dos anos 1970, a conhecida m\u00fasica popular ga\u00facha da d\u00e9cada de 70 e in\u00edcio dos 80, o Tropicalismo, Caetano Veloso e Chico Buarque. E, claro, a escuta dos cl\u00e1ssicos The Crimson, Led Zeppelin, Beatles, Rolling Stones, Bob Dylan. Do blues \u00e0 soul music, passando pelo jazz, Egisto procura tirar de cada est\u00e9tica algum ponto, algo que possa acrescentar na sua m\u00fasica, em sua arte, em seu trabalho de cria\u00e7\u00e3o e arranjos.&nbsp;<\/p>\n\n\n\n<p><strong>Notas de Viagens, <\/strong><strong>aventuras e desventuras no rock ga\u00facho<\/strong><\/p>\n\n\n\n<p>Em 2008, Egisto lan\u00e7ou o livro <em>Notas de Viagens, <\/em><em>aventuras e desventuras no rock ga\u00facho<\/em> na Feira do Livro, em Porto Alegre. Foram dois anos dedicados a essa edi\u00e7\u00e3o que re\u00fane hist\u00f3rias e registros importantes de sua carreira, incluindo a\u00ed os m\u00fasicos referenciais que tocaram com ele. O livro tra\u00e7a o cen\u00e1rio do rock ga\u00facho com uma linguagem simples, como se o leitor fosse um amigo, um velho conhecido, que \u00e9 convidado a acompanhar as aventuras de Egisto.&nbsp;<\/p>\n\n\n\n<p>O autor relembra de muitas pessoas, das grandes amizades, assim como das desaven\u00e7as, dos rompimentos, dos inimigos, a decad\u00eancia que acometeu o cen\u00e1rio do rock ga\u00facho e nacional. O texto \u00e9 uma esp\u00e9cie de exerc\u00edcio de filosofia, uma reflex\u00e3o sobre determinadas viv\u00eancias no cen\u00e1rio cultural do rock.<\/p>\n\n\n\n<p>Egisto pensa em lan\u00e7ar outro livro futuramente. Est\u00e1 com v\u00e1rios projetos em andamento, ainda sigilosos.<\/p>\n\n\n\n<p><strong>O produtor fonogr\u00e1fico<\/strong><\/p>\n\n\n\n<p>Egisto come\u00e7ou a atuar como produtor fonogr\u00e1fico no final dos anos 1980, sendo um dos pioneiros na produ\u00e7\u00e3o musical no sul do pa\u00eds. Encarou esse desafio por pura necessidade, j\u00e1 que n\u00e3o havia produtores em Porto Alegre. Na sua perspectiva, as bandas locais eram simplesmente submissas ao t\u00e9cnico de est\u00fadio, o que resultava numa sonoridade sempre semelhante, enlatada e falseada. Foi, ent\u00e3o, em busca de ambi\u00eancia para seus discos, uma esp\u00e9cie de sonoridade em formato antigo que recuperava a fidelidade sonora dos instrumentos e equipamentos. Com isso, aproximava o disco gravado em est\u00fadio da ambi\u00eancia de um show. No in\u00edcio, justamente por essa busca de ambi\u00eancia, era considerado louco pelo meio art\u00edstico. \u201cEssa ambi\u00eancia \u00e9 a grava\u00e7\u00e3o do deslocamento do ar entre o amplificador e o microfone, aquele microssegundo, por exemplo. Em shows h\u00e1 esse deslocamento de ar\u201d, explica o m\u00fasico.<\/p>\n\n\n\n<p>Em seu trabalho como produtor, procura n\u00e3o se intrometer nem influenciar muito na banda, investindo em cada faixa, \u201cafinal a m\u00fasica tem que ser solta\u201d, comenta. Nesse sentido, defende que \u00e9 o m\u00fasico quem determina a dura\u00e7\u00e3o da m\u00fasica e que n\u00e3o se pode ficar preso ao tempo curto do formato comercial das r\u00e1dios. \u201cA can\u00e7\u00e3o \u00e9 como um quadro. Um quadro tem que ser inteiro. N\u00e3o pode depender dos outros quadros da exposi\u00e7\u00e3o. Tem que ser uma obra prima sozinho.\u201d compara Egisto. \u201cQuando se entra no est\u00fadio com m\u00fasicos e bons equipamentos, isso \u00e9 produ\u00e7\u00e3o. A produ\u00e7\u00e3o nem precisa fazer muito, somente n\u00e3o atrapalhar os m\u00fasicos\u201d.<\/p>\n\n\n\n<p>Para o produtor, Led Zeppelin foi a banda mais equalizada, aquela que encontrou o melhor som do mundo. \u201cMelhor som de bateria, melhor caixa, melhor bumbo. Um baixista com os timbres absurdos, o guitarrista inventou uma cascata de guitarras, uma orquestra de guitarras maravilhosa e s\u00f3 o Robert Plant pra cantar daquele jeito\u201d, descreve ele.<\/p>\n\n\n\n<p>Al\u00e9m do seu trabalho como m\u00fasico, Egisto produziu tamb\u00e9m diversas bandas reconhecidas como J\u00fapiter Ma\u00e7\u00e3, Tequila Baby, Charles Master, Cowboys Espirituais, Bebeco Garcia, Graforr\u00e9ia Xilarm\u00f4nica, Oly Jr., entre outras. Tamb\u00e9m teve as colet\u00e2neas <em>Ipanema 15 mais<\/em> e <em>Baladas do Bom Fim<\/em>, revisitando a obra de Nei Lisboa e o programa Segunda sem Ley.<\/p>\n\n\n\n<p>A colet\u00e2nea <em>Ipanema 15 mais<\/em>, lan\u00e7ada em 1998, foi uma iniciativa para retomar bandas que n\u00e3o tocavam mais nas emissoras, devido ao enfraquecimento do rock ga\u00facho naquele momento. Em parceria com a gravadora Acit e r\u00e1dio Ipanema FM, o lan\u00e7amento foi no bar Opini\u00e3o, teve fila e muita gente ficou fora do bar lotado.<\/p>\n\n\n\n<p>Antes, o disco <em>Segunda sem Ley<\/em> (1995) teve seu lan\u00e7amento no programa Hom\u00f4nimo da r\u00e1dio Pop Rock, com os integrantes da banda e o diretor da r\u00e1dio Mauro Borba.<\/p>\n\n\n\n<figure class=\"wp-block-image size-large\"><a href=\"http:\/\/radiopirada.com\/radiopirada\/wp-content\/uploads\/2022\/08\/sem_ley.jpg\"><img decoding=\"async\" loading=\"lazy\" width=\"819\" height=\"449\" src=\"http:\/\/radiopirada.com\/radiopirada\/wp-content\/uploads\/2022\/08\/sem_ley.jpg\" alt=\"\" class=\"wp-image-503\" srcset=\"http:\/\/radiopirada.com\/radiopirada\/wp-content\/uploads\/2022\/08\/sem_ley.jpg 819w, http:\/\/radiopirada.com\/radiopirada\/wp-content\/uploads\/2022\/08\/sem_ley-300x164.jpg 300w, http:\/\/radiopirada.com\/radiopirada\/wp-content\/uploads\/2022\/08\/sem_ley-768x421.jpg 768w\" sizes=\"(max-width: 819px) 100vw, 819px\" \/><\/a><figcaption><strong>FOTO: ADRIANA FRANCIOSI &#8211; ZERO HORA &#8211; ARQUIVO PESSOAL EGISTO | LAN\u00c7AMENTO DO DISCO SEGUNDA SEM LEY<\/strong><\/figcaption><\/figure>\n\n\n\n<p><strong>Bebeco Garcia e o Bando dos Ciganos<\/strong><\/p>\n\n\n\n<p>Egisto lembra que uma das melhores sonoridades produzidas de dentro de um est\u00fadio foi com o m\u00fasico Bebeco Garcia, ex-integrante da banda Garotos da Rua no \u00e1lbum <em>Me Chamam Curto Circuito<\/em>. Foi o primeiro \u00e1lbum solo do artista, produzido por Egisto que o define como o disco mais r\u00e1pido do mundo, 24 horas para gravar e 24 horas para mixar. \u201cDisco com som muito puro, os m\u00fasicos eram muito bons e sabiam o que queriam\u201d.<\/p>\n\n\n\n<p>Durante a produ\u00e7\u00e3o, Egisto acabou por assumir o baixo, mesmo sem conhecer os parceiros, imprevisto que acabou dando certo ap\u00f3s a sa\u00edda do baixista do grupo. A seguir, Egisto seguiu com Bebeco e o Bando dos Ciganos at\u00e9 2009.<\/p>\n\n\n\n<p>Nessa trajet\u00f3ria, produziu tamb\u00e9m <em>Bebeco Garcia ao vivo<\/em> junto com seu irm\u00e3o Mario Dal Santo, tamb\u00e9m produtor fonogr\u00e1fico.<\/p>\n\n\n\n<p>Egisto planeja lan\u00e7ar um disco chamado <em>Paris Hotel<\/em>, reunindo somente m\u00fasicas de Bebeco, algumas delas resultantes da parceria entre ambos e ainda in\u00e9ditas.<\/p>\n\n\n\n<p><strong>Hist\u00f3rias do rock ga\u00facho<\/strong><\/p>\n\n\n\n<p>Egisto conta que, em certa ocasi\u00e3o, \u00e0s v\u00e9speras de um show no Rio de Janeiro, Alda, esposa do Bebeco \u00e0 \u00e9poca e que era uma super cozinheira, preparou um bob\u00f3 de legumes para ele, o que acabou provocando ci\u00fames no marido. Bebeco ficou indignado com a aten\u00e7\u00e3o da esposa ao amigo e, em protesto, foi comer no centro da cidade, algo que nunca fazia. Acabou por comer um acaraj\u00e9 envenenado e, como consequ\u00eancia, passou mal \u00e0 noite, justo na hora do show. Como o evento n\u00e3o poderia ser cancelado, Bebeco, sentindo-se mal, dividiu o vocal com Egisto. Foi a primeira vez que ele cantou as m\u00fasicas do amigo, cantou durante todo o show, tocando tamb\u00e9m o baixo. Outro improviso que deixou Egisto bem mais seguro para interpretar esse repert\u00f3rio e seguir, posteriormente, com o tributo \u00e0 mem\u00f3ria do Bebeco.&nbsp;&nbsp;<\/p>\n\n\n\n<p><strong>Premia\u00e7\u00f5es<\/strong><\/p>\n\n\n\n<p>Ao longo de sua carreira, Egisto foi reconhecido com v\u00e1rios pr\u00eamios. Ganhou quatro vezes o Pr\u00eamio A\u00e7orianos de M\u00fasica, da Prefeitura de Porto Alegre: melhor letrista em 1994, agitador cultural em 1998, produtor Musical em 2001 e, indiretamente, pela categoria disco de 2000 com a produ\u00e7\u00e3o do \u00e1lbum <em>Me Chamam Curto Circuito<\/em> do Bebeco Garcia e banda.<\/p>\n\n\n\n<p>Junto com a Colarinhos Ca\u00f3ticos, recebeu o segundo lugar do pr\u00eamio da revista BIS de banda revela\u00e7\u00e3o de 1989, ficando atr\u00e1s de Ed Motta. Por\u00e9m, como Ed Motta havia ganhado essa mesma categoria no ano anterior e n\u00e3o faria sentido ser revela\u00e7\u00e3o duas vezes na vida, os Colarinhos Ca\u00f3ticos foram considerados os vencedores com direito a tocar na festa do pr\u00eamio no AeroAnta, em S\u00e3o Paulo.<\/p>\n\n\n\n<p><strong>Transe <\/strong>&nbsp;<\/p>\n\n\n\n<p><em>Transe<\/em> \u00e9 o \u00faltimo \u00e1lbum solo lan\u00e7ado, no final de 2021, pelos selos Encostoh e Purnada Ypranada. Egisto reuniu os m\u00fasicos Bebeto Mohr, na bateria; e Vini Tonello no teclado e piano; Franco Salvadoretti, na flauta e Cesar Moraes na guitarra base.<\/p>\n\n\n\n<p>As treze faixas do disco contam com a participa\u00e7\u00e3o de Maria Luiza Benitez e Tonho Crocco, no vocal; Pedro Tagliani, James Liberato e Gabriel Guedes na guitarra; Luiz Carlos Borges, no acordeon; Caio Maurente, no baixo; Luiz Mauro Filho, no piano; Claudio Calcanhotto e De Santana na percuss\u00e3o.<\/p>\n\n\n\n<p>A letra de \u201cSol e seca\u201d, faixa n\u00famero oito do disco, foi uma parceria com Ant\u00f4nio Augusto Fagundes Filho.<\/p>\n","protected":false},"excerpt":{"rendered":"<div class=\"mh-excerpt\"><p>Susi Tesch Egisto Dal Santo J\u00fanior, nasceu em Soledade, no Rio Grande do Sul, em 25 de julho de 1964. Filho de Egisto Dal Santo <a class=\"mh-excerpt-more\" href=\"http:\/\/radiopirada.com\/radiopirada\/?p=496\" title=\"Egisto Dal Santo, um sujeito underground\">[&#8230;]<\/a><\/p>\n<\/div>","protected":false},"author":1,"featured_media":500,"comment_status":"open","ping_status":"open","sticky":false,"template":"","format":"standard","meta":[],"categories":[156,1],"tags":[169,80,29,42,170],"_links":{"self":[{"href":"http:\/\/radiopirada.com\/radiopirada\/index.php?rest_route=\/wp\/v2\/posts\/496"}],"collection":[{"href":"http:\/\/radiopirada.com\/radiopirada\/index.php?rest_route=\/wp\/v2\/posts"}],"about":[{"href":"http:\/\/radiopirada.com\/radiopirada\/index.php?rest_route=\/wp\/v2\/types\/post"}],"author":[{"embeddable":true,"href":"http:\/\/radiopirada.com\/radiopirada\/index.php?rest_route=\/wp\/v2\/users\/1"}],"replies":[{"embeddable":true,"href":"http:\/\/radiopirada.com\/radiopirada\/index.php?rest_route=%2Fwp%2Fv2%2Fcomments&post=496"}],"version-history":[{"count":3,"href":"http:\/\/radiopirada.com\/radiopirada\/index.php?rest_route=\/wp\/v2\/posts\/496\/revisions"}],"predecessor-version":[{"id":507,"href":"http:\/\/radiopirada.com\/radiopirada\/index.php?rest_route=\/wp\/v2\/posts\/496\/revisions\/507"}],"wp:featuredmedia":[{"embeddable":true,"href":"http:\/\/radiopirada.com\/radiopirada\/index.php?rest_route=\/wp\/v2\/media\/500"}],"wp:attachment":[{"href":"http:\/\/radiopirada.com\/radiopirada\/index.php?rest_route=%2Fwp%2Fv2%2Fmedia&parent=496"}],"wp:term":[{"taxonomy":"category","embeddable":true,"href":"http:\/\/radiopirada.com\/radiopirada\/index.php?rest_route=%2Fwp%2Fv2%2Fcategories&post=496"},{"taxonomy":"post_tag","embeddable":true,"href":"http:\/\/radiopirada.com\/radiopirada\/index.php?rest_route=%2Fwp%2Fv2%2Ftags&post=496"}],"curies":[{"name":"wp","href":"https:\/\/api.w.org\/{rel}","templated":true}]}}