{"id":471,"date":"2022-03-29T22:30:22","date_gmt":"2022-03-30T01:30:22","guid":{"rendered":"http:\/\/radiopirada.com\/radiopirada\/?p=471"},"modified":"2022-03-30T10:50:19","modified_gmt":"2022-03-30T13:50:19","slug":"cachorro-grande-show-250-anos-de-porto-alegre-no-araujo-vianna","status":"publish","type":"post","link":"http:\/\/radiopirada.com\/radiopirada\/?p=471","title":{"rendered":"Cachorro Grande Show 250 anos de Porto Alegre no Ara\u00fajo Vianna"},"content":{"rendered":"\n<p class=\"has-text-align-right\"><strong>Susi Tesch<\/strong><\/p>\n\n\n\n<figure class=\"wp-block-pullquote\"><blockquote><p>&#8220;E quem n\u00e3o foi, n\u00e3o sabe o que perdeu&#8221; Beto Bruno<\/p><\/blockquote><\/figure>\n\n\n\n<figure class=\"wp-block-image size-large\"><a href=\"http:\/\/radiopirada.com\/radiopirada\/wp-content\/uploads\/2022\/03\/MG_8778-scaled.jpg\"><img decoding=\"async\" loading=\"lazy\" width=\"1024\" height=\"683\" src=\"http:\/\/radiopirada.com\/radiopirada\/wp-content\/uploads\/2022\/03\/MG_8778-1024x683.jpg\" alt=\"\" class=\"wp-image-473\" srcset=\"http:\/\/radiopirada.com\/radiopirada\/wp-content\/uploads\/2022\/03\/MG_8778-1024x683.jpg 1024w, http:\/\/radiopirada.com\/radiopirada\/wp-content\/uploads\/2022\/03\/MG_8778-300x200.jpg 300w, http:\/\/radiopirada.com\/radiopirada\/wp-content\/uploads\/2022\/03\/MG_8778-768x512.jpg 768w, http:\/\/radiopirada.com\/radiopirada\/wp-content\/uploads\/2022\/03\/MG_8778-1536x1024.jpg 1536w, http:\/\/radiopirada.com\/radiopirada\/wp-content\/uploads\/2022\/03\/MG_8778-2048x1365.jpg 2048w\" sizes=\"(max-width: 1024px) 100vw, 1024px\" \/><\/a><figcaption><strong>Foto: Jo\u00e3o Freitas<\/strong> | <a rel=\"noreferrer noopener\" href=\"https:\/\/www.instagram.com\/stagepicture.rs\/\" target=\"_blank\">https:\/\/www.instagram.com\/stagepicture.rs\/<\/a><\/figcaption><\/figure>\n\n\n\n<p>A banda Cachorro Grande se reuniu para um show hist\u00f3rico no Audit\u00f3rio do Ara\u00fajo Vianna, em comemora\u00e7\u00e3o aos 250 anos da cidade de Porto Alegre, no dia 26 de mar\u00e7o.  A banda encerrou suas atividades em 2019 e voltou a se reunir para o anivers\u00e1rio da cidade.<\/p>\n\n\n\n<p>O show come\u00e7ou com um discurso de Eduardo da Pisca Produtora, que chamou a banda para o palco \u00e0s 21:40. O p\u00fablico estava vibrante. No palco estavam Beto Bruno no vocal, Marcelo Gross na guitarra e vocal, Gabriel Azambuja na bateria, Pedro Pelota no teclado, e Eduardo Barreto no baixo que substituiu Rodolfo Krieger que n\u00e3o pode estar presente.<\/p>\n\n\n\n<p>A banda tocou v\u00e1rios cl\u00e1ssicos que marcaram seus 20 anos de estrada: &#8220;Que Loucura!&#8221;; &#8220;Bom Brasileiro&#8221;; &#8220;A Alegria Voltou&#8221;; &#8220;Roda-gigante&#8221;;  &#8220;Debaixo do Chap\u00e9u&#8221;; &#8220;Lili&#8221;; &#8220;Sinceramente&#8221;; &#8220;A Hora Do Brasil&#8221;; &#8220;Dia Perfeito&#8221;; &#8220;Vai Ter Que Dar&#8221;; &#8220;As Coisa Que Eu Quero Lhe Falar&#8221;, &#8220;Sexperienced&#8221; entre outras.  A  m\u00fasica &#8220;Velha Amiga&#8221;,  favorita do pai do Gross e do pai do Beto, foi dedicada carinhosamente a eles.<\/p>\n\n\n\n<p>Beto Bruno relembra que Debaixo do Chap\u00e9u foi a primeira m\u00fasica da banda, quando eles tocavam em bares pequenos para 15 pessoas, incluindo a banda.<\/p>\n\n\n\n<p>No bis a m\u00fasica foi dedicada para os que n\u00e3o estiveram no show, com &#8220;Voc\u00ea N\u00e3o Sabe O Que Perdeu&#8221;.<\/p>\n\n\n\n<p>E para encerrar Beto Bruno destr\u00f3i seu microfone, um dos microfones da bateria, derruba um prato. Gabriel entra no clima joga de leve o bumbo da bateria e sobe em cima. Enquanto Gross fica girando a guitarra, mas n\u00e3o chega as vias de jog\u00e1-la no ch\u00e3o.<\/p>\n\n\n\n<p>Confira fotos do show e bastidores pelas lentes do Jo\u00e3o Freitas no  <a rel=\"noreferrer noopener\" href=\"https:\/\/www.instagram.com\/stagepicture.rs\/\" data-type=\"URL\" data-id=\"https:\/\/www.instagram.com\/stagepicture.rs\/\" target=\"_blank\">https:\/\/www.instagram.com\/stagepicture.rs\/<\/a>.<\/p>\n\n\n\n<p><\/p>\n","protected":false},"excerpt":{"rendered":"<div class=\"mh-excerpt\"><p>Susi Tesch &#8220;E quem n\u00e3o foi, n\u00e3o sabe o que perdeu&#8221; Beto Bruno A banda Cachorro Grande se reuniu para um show hist\u00f3rico no Audit\u00f3rio <a class=\"mh-excerpt-more\" href=\"http:\/\/radiopirada.com\/radiopirada\/?p=471\" title=\"Cachorro Grande Show 250 anos de Porto Alegre no Ara\u00fajo Vianna\">[&#8230;]<\/a><\/p>\n<\/div>","protected":false},"author":1,"featured_media":474,"comment_status":"open","ping_status":"open","sticky":false,"template":"","format":"standard","meta":[],"categories":[6,3],"tags":[155,154,145,152,148,146,149,106,151,147,150,42],"_links":{"self":[{"href":"http:\/\/radiopirada.com\/radiopirada\/index.php?rest_route=\/wp\/v2\/posts\/471"}],"collection":[{"href":"http:\/\/radiopirada.com\/radiopirada\/index.php?rest_route=\/wp\/v2\/posts"}],"about":[{"href":"http:\/\/radiopirada.com\/radiopirada\/index.php?rest_route=\/wp\/v2\/types\/post"}],"author":[{"embeddable":true,"href":"http:\/\/radiopirada.com\/radiopirada\/index.php?rest_route=\/wp\/v2\/users\/1"}],"replies":[{"embeddable":true,"href":"http:\/\/radiopirada.com\/radiopirada\/index.php?rest_route=%2Fwp%2Fv2%2Fcomments&post=471"}],"version-history":[{"count":5,"href":"http:\/\/radiopirada.com\/radiopirada\/index.php?rest_route=\/wp\/v2\/posts\/471\/revisions"}],"predecessor-version":[{"id":480,"href":"http:\/\/radiopirada.com\/radiopirada\/index.php?rest_route=\/wp\/v2\/posts\/471\/revisions\/480"}],"wp:featuredmedia":[{"embeddable":true,"href":"http:\/\/radiopirada.com\/radiopirada\/index.php?rest_route=\/wp\/v2\/media\/474"}],"wp:attachment":[{"href":"http:\/\/radiopirada.com\/radiopirada\/index.php?rest_route=%2Fwp%2Fv2%2Fmedia&parent=471"}],"wp:term":[{"taxonomy":"category","embeddable":true,"href":"http:\/\/radiopirada.com\/radiopirada\/index.php?rest_route=%2Fwp%2Fv2%2Fcategories&post=471"},{"taxonomy":"post_tag","embeddable":true,"href":"http:\/\/radiopirada.com\/radiopirada\/index.php?rest_route=%2Fwp%2Fv2%2Ftags&post=471"}],"curies":[{"name":"wp","href":"https:\/\/api.w.org\/{rel}","templated":true}]}}