{"id":47,"date":"2019-08-09T10:04:27","date_gmt":"2019-08-09T13:04:27","guid":{"rendered":"http:\/\/radiopirada.com\/radiopirada\/?p=47"},"modified":"2019-08-28T15:28:05","modified_gmt":"2019-08-28T18:28:05","slug":"paulo-inda-rickenbackers","status":"publish","type":"post","link":"http:\/\/radiopirada.com\/radiopirada\/?p=47","title":{"rendered":"Paulo Inda &#038; Rickenbackers"},"content":{"rendered":"<p>\u201cIndie Rock Ga\u00facho\u201d;\u00a0que \u00e9 ga\u00facho e tamb\u00e9m gauchesco, vai do erudito ao rock, bebe no pop latino de Soda Stereo, se alimenta no lis\u00e9rgico J\u00fapiter Ma\u00e7\u00e3 e beberica na ramilonga urbana.<\/p>\n<p>(E s\u00f3 utiliza instrumentos Rickenbacker!!, quando d\u00e1&#8230;).<\/p>\n<p>A banda \u00e9 composta por:<\/p>\n<p>Paulo Inda &#8211; Vocal\/Guitarra;<br \/>\nRodrigo Sorriso \u2013 Bateria (Armandinho, Serginho Moah); e conta com o refor\u00e7o de dois \u00edcones do rock porto-alegrense:<br \/>\nRegis Sam &#8211; Baixo\/vocais (Frank Jorge\/Cowboys Espirituais, Wander Wildner) &amp;<br \/>\nRoberto H &#8211; Guitarra\/vocais (Aqua-Play)!!!<\/p>\n<p>Paulo Inda esteve no Programa das Velhas, falando sobre seu trabalho com os\u00a0Rickenbackers, aperta o play e confere a entrevista.<\/p>\n<!--[if lt IE 9]><script>document.createElement('audio');<\/script><![endif]-->\n<audio class=\"wp-audio-shortcode\" id=\"audio-47-1\" preload=\"none\" style=\"width: 100%;\" controls=\"controls\"><source type=\"audio\/mpeg\" src=\"http:\/\/radiopirada.com\/radiopirada\/wp-content\/uploads\/2019\/08\/Programa-das-Velhas-Entrevista-Paulo-Inda.mp3?_=1\" \/><a href=\"http:\/\/radiopirada.com\/radiopirada\/wp-content\/uploads\/2019\/08\/Programa-das-Velhas-Entrevista-Paulo-Inda.mp3\">http:\/\/radiopirada.com\/radiopirada\/wp-content\/uploads\/2019\/08\/Programa-das-Velhas-Entrevista-Paulo-Inda.mp3<\/a><\/audio>\n<p>Em 2018 lan\u00e7a CD de estreia, gravado e mixado em Porto Alegre, no cl\u00e1ssico Estudio Dreher, e masterizado\u00a0 no obscuro Abbey Road de Londres. Em poucos meses realiza shows, lan\u00e7a Video-Clipe da can\u00e7\u00e3o single: &#8220;Eu e meu cabelo Pom-Pom&#8221;, bem como assina com a empresa de produ\u00e7\u00e3o ALBORNOZ Music Company e passa a distribuir seu conte\u00fado pela ONErpm!!<\/p>\n<p>Atualmente trabalha em seu segundo videoclipe (em fase de p\u00f3s-produ\u00e7\u00e3o), bem como trabalha em seu pr\u00f3ximo EP de estudio a ser lan\u00e7ado no segundo semestre de 2019!!<\/p>\n","protected":false},"excerpt":{"rendered":"<div class=\"mh-excerpt\"><p>\u201cIndie Rock Ga\u00facho\u201d;\u00a0que \u00e9 ga\u00facho e tamb\u00e9m gauchesco, vai do erudito ao rock, bebe no pop latino de Soda Stereo, se alimenta no lis\u00e9rgico J\u00fapiter <a class=\"mh-excerpt-more\" href=\"http:\/\/radiopirada.com\/radiopirada\/?p=47\" title=\"Paulo Inda &#038; Rickenbackers\">[&#8230;]<\/a><\/p>\n<\/div>","protected":false},"author":1,"featured_media":55,"comment_status":"open","ping_status":"open","sticky":false,"template":"","format":"standard","meta":[],"categories":[6],"tags":[40,34,38,29,43,30,36,39,35,14,41,37,42],"_links":{"self":[{"href":"http:\/\/radiopirada.com\/radiopirada\/index.php?rest_route=\/wp\/v2\/posts\/47"}],"collection":[{"href":"http:\/\/radiopirada.com\/radiopirada\/index.php?rest_route=\/wp\/v2\/posts"}],"about":[{"href":"http:\/\/radiopirada.com\/radiopirada\/index.php?rest_route=\/wp\/v2\/types\/post"}],"author":[{"embeddable":true,"href":"http:\/\/radiopirada.com\/radiopirada\/index.php?rest_route=\/wp\/v2\/users\/1"}],"replies":[{"embeddable":true,"href":"http:\/\/radiopirada.com\/radiopirada\/index.php?rest_route=%2Fwp%2Fv2%2Fcomments&post=47"}],"version-history":[{"count":9,"href":"http:\/\/radiopirada.com\/radiopirada\/index.php?rest_route=\/wp\/v2\/posts\/47\/revisions"}],"predecessor-version":[{"id":307,"href":"http:\/\/radiopirada.com\/radiopirada\/index.php?rest_route=\/wp\/v2\/posts\/47\/revisions\/307"}],"wp:featuredmedia":[{"embeddable":true,"href":"http:\/\/radiopirada.com\/radiopirada\/index.php?rest_route=\/wp\/v2\/media\/55"}],"wp:attachment":[{"href":"http:\/\/radiopirada.com\/radiopirada\/index.php?rest_route=%2Fwp%2Fv2%2Fmedia&parent=47"}],"wp:term":[{"taxonomy":"category","embeddable":true,"href":"http:\/\/radiopirada.com\/radiopirada\/index.php?rest_route=%2Fwp%2Fv2%2Fcategories&post=47"},{"taxonomy":"post_tag","embeddable":true,"href":"http:\/\/radiopirada.com\/radiopirada\/index.php?rest_route=%2Fwp%2Fv2%2Ftags&post=47"}],"curies":[{"name":"wp","href":"https:\/\/api.w.org\/{rel}","templated":true}]}}