{"id":423,"date":"2021-11-26T23:26:19","date_gmt":"2021-11-27T02:26:19","guid":{"rendered":"http:\/\/radiopirada.com\/radiopirada\/?p=423"},"modified":"2021-11-27T00:01:21","modified_gmt":"2021-11-27T03:01:21","slug":"musica-na-pandemia","status":"publish","type":"post","link":"http:\/\/radiopirada.com\/radiopirada\/?p=423","title":{"rendered":"M\u00fasica na pandemia"},"content":{"rendered":"\n<p class=\"has-text-align-right\"> Susi Tesch<\/p>\n\n\n\n<div class=\"wp-block-media-text alignwide is-stacked-on-mobile\"><figure class=\"wp-block-media-text__media\"><img decoding=\"async\" loading=\"lazy\" width=\"1024\" height=\"931\" src=\"http:\/\/radiopirada.com\/radiopirada\/wp-content\/uploads\/2021\/11\/mascara-de-tecido-100-algodao-anatomica-musica-guitarras-1024x931.jpg\" alt=\"\" class=\"wp-image-443 size-full\" srcset=\"http:\/\/radiopirada.com\/radiopirada\/wp-content\/uploads\/2021\/11\/mascara-de-tecido-100-algodao-anatomica-musica-guitarras-1024x931.jpg 1024w, http:\/\/radiopirada.com\/radiopirada\/wp-content\/uploads\/2021\/11\/mascara-de-tecido-100-algodao-anatomica-musica-guitarras-300x273.jpg 300w, http:\/\/radiopirada.com\/radiopirada\/wp-content\/uploads\/2021\/11\/mascara-de-tecido-100-algodao-anatomica-musica-guitarras-768x698.jpg 768w, http:\/\/radiopirada.com\/radiopirada\/wp-content\/uploads\/2021\/11\/mascara-de-tecido-100-algodao-anatomica-musica-guitarras-1536x1397.jpg 1536w, http:\/\/radiopirada.com\/radiopirada\/wp-content\/uploads\/2021\/11\/mascara-de-tecido-100-algodao-anatomica-musica-guitarras-2048x1862.jpg 2048w\" sizes=\"(max-width: 1024px) 100vw, 1024px\" \/><\/figure><div class=\"wp-block-media-text__content\">\n<p class=\"has-large-font-size\">Alguns m\u00fasicos e seus processos criativos na pandemia.<\/p>\n\n\n\n<p><\/p>\n<\/div><\/div>\n\n\n\n<p>No Brasil,  em mar\u00e7o de 2020, foram estabelecidas medidas de isolamento social, e o confinamento chegou, devido ao coronav\u00edrus . A classe art\u00edstica foi uma das primeiras a ter suas atividades suspensas. Com o cancelamento de shows, os m\u00fasicos trocaram os palcos por lives e precisaram se reinventar.<\/p>\n\n\n\n<p>Diversos m\u00fasicos ga\u00fachos conseguiram lan\u00e7ar discos, singles e v\u00eddeo clipes durante o isolamento. Biba Meira conta que da sua ins\u00f4nia durante o isolamento nasceu o disco , \u201cMicrosc\u00f3picos Ritmos de uma M\u00e1quina de Escrever&#8221;, seu novo trabalho solo. Carlinhos Carneiro lan\u00e7a hoje dois discos &#8220;Bife Simples &amp; As Guarni\u00e7\u00f5es Mais Preza&#8221;, totalizando 23 m\u00fasicas nas plataformas, com a Banda Imp\u00e9rio da L\u00e3, lan\u00e7ou o &#8220;T\u00f4co Remexido&#8221;, em 2020. Frank Jorge tamb\u00e9m concluiu o disco \u201cNunca Fomos T\u00e3o Lindos\u201d em parceria com o m\u00fasico Kassin. Flu e Amigos, lan\u00e7aram no in\u00edcio da pandemia o disco &#8221; Mundo Novo&#8221;, e Marcelo Gross, com o Power Trio  o\u201cTempo Louco\u2019\u2019 lan\u00e7ado no primeiro semestre de 2021. Jo\u00e3o Maldonado  lan\u00e7ou o \u00e1lbum &#8221; Solitude&#8221; de m\u00fasicas cl\u00e1ssicas.     <\/p>\n\n\n\n<p>Gustavo Telles, Felipe Ruschel, Edu Meirelles, est\u00e3o no momento gravando discos, que ser\u00e3o lan\u00e7ados em 2022. E o Jottag\u00e1, lan\u00e7ou singles, entre elas a m\u00fasica &#8220;Fora Guedes&#8221;.<\/p>\n\n\n\n<p>E a R\u00e1dio Pirada, ao longo do ano de 2021, produziu uma s\u00e9rie de podcast &#8220;Papo Pirado na Pandemia&#8221;, entrevistando esses artistas, confira:<\/p>\n\n\n\n<figure class=\"wp-block-audio\"><audio controls src=\"http:\/\/radiopirada.com\/radiopirada\/wp-content\/uploads\/2021\/11\/Marcelo-Gross.mp3\"><\/audio><figcaption><strong>Entrevista com Marcelo Gross, em 02 de fevereiro de 2021<\/strong><\/figcaption><\/figure>\n\n\n\n<figure class=\"wp-block-audio\"><audio controls src=\"http:\/\/radiopirada.com\/radiopirada\/wp-content\/uploads\/2021\/11\/Frank-Jorge.mp3\"><\/audio><figcaption><strong>Entrevista<\/strong> <strong>Frank Jorge, em 31 de janeiro de 2021<\/strong><\/figcaption><\/figure>\n\n\n\n<figure class=\"wp-block-audio\"><audio controls src=\"http:\/\/radiopirada.com\/radiopirada\/wp-content\/uploads\/2021\/11\/Felipe-Ruschel.mp3\"><\/audio><figcaption><strong>Entrevista Felipe Ruschel, em 18 de setembro de 2021<\/strong><\/figcaption><\/figure>\n\n\n\n<figure class=\"wp-block-audio\"><audio controls src=\"http:\/\/radiopirada.com\/radiopirada\/wp-content\/uploads\/2021\/11\/Biba-Meira.mp3\"><\/audio><figcaption><strong>Entrevista com Biba Meira, em 17 de novembro de 2021<\/strong><\/figcaption><\/figure>\n\n\n\n<figure class=\"wp-block-audio\"><audio controls src=\"http:\/\/radiopirada.com\/radiopirada\/wp-content\/uploads\/2021\/11\/Flavio-Flu.mp3\"><\/audio><figcaption><strong>Entrevista com Flu, em 23 de novembro de 2021<\/strong><\/figcaption><\/figure>\n\n\n\n<figure class=\"wp-block-audio\"><audio controls src=\"http:\/\/radiopirada.com\/radiopirada\/wp-content\/uploads\/2021\/11\/Jottaga.mp3\"><\/audio><figcaption><strong>Entrevista Jottag\u00e1, em 25 de novembro de 2021<\/strong><\/figcaption><\/figure>\n\n\n\n<figure class=\"wp-block-audio\"><audio controls src=\"http:\/\/radiopirada.com\/radiopirada\/wp-content\/uploads\/2021\/11\/Joao-Maldonado.mp3\"><\/audio><figcaption><strong>Entrevista Jo\u00e3o Maldonado, em 25 de novembro de 2021<\/strong><\/figcaption><\/figure>\n\n\n\n<figure class=\"wp-block-audio\"><audio controls src=\"http:\/\/radiopirada.com\/radiopirada\/wp-content\/uploads\/2021\/11\/Carlinhos-Carneiro.mp3\"><\/audio><figcaption><strong>Entrevista Carlinhos Carneiro, 26 de novembro de 2021<\/strong><\/figcaption><\/figure>\n\n\n\n<figure class=\"wp-block-audio\"><audio controls src=\"http:\/\/radiopirada.com\/radiopirada\/wp-content\/uploads\/2021\/11\/Edu-Mereilles.mp3\"><\/audio><figcaption><strong>Entrevista Edu Meirelles, em 26 de novembro de 2021<\/strong><\/figcaption><\/figure>\n\n\n\n<figure class=\"wp-block-audio\"><audio controls src=\"http:\/\/radiopirada.com\/radiopirada\/wp-content\/uploads\/2021\/11\/Gustavo-Telles.mp3\"><\/audio><figcaption><strong>Entrevista Gustavo Telles, 26 de novembro de 2021<\/strong><\/figcaption><\/figure>\n\n\n\n<p><strong>Confira os singles do Edu Meirelles <\/strong><\/p>\n\n\n\n<figure class=\"wp-block-embed is-type-video is-provider-youtube wp-block-embed-youtube wp-embed-aspect-4-3 wp-has-aspect-ratio\"><div class=\"wp-block-embed__wrapper\">\n<iframe loading=\"lazy\" title=\"Pura Poesia\" width=\"500\" height=\"375\" src=\"https:\/\/www.youtube.com\/embed\/mewrcopfb0k?feature=oembed\" frameborder=\"0\" allow=\"accelerometer; autoplay; clipboard-write; encrypted-media; gyroscope; picture-in-picture\" allowfullscreen><\/iframe>\n<\/div><\/figure>\n\n\n\n<figure class=\"wp-block-embed is-type-video is-provider-youtube wp-block-embed-youtube wp-embed-aspect-16-9 wp-has-aspect-ratio\"><div class=\"wp-block-embed__wrapper\">\n<iframe loading=\"lazy\" title=\"Sinto na Pele\" width=\"500\" height=\"281\" src=\"https:\/\/www.youtube.com\/embed\/UV7WWkSFlPA?feature=oembed\" frameborder=\"0\" allow=\"accelerometer; autoplay; clipboard-write; encrypted-media; gyroscope; picture-in-picture\" allowfullscreen><\/iframe>\n<\/div><\/figure>\n\n\n\n<p><strong>Confira o single do Jottag\u00e1 &#8211; Fora Guedes<\/strong><\/p>\n\n\n\n<figure class=\"wp-block-embed is-type-video is-provider-youtube wp-block-embed-youtube wp-embed-aspect-4-3 wp-has-aspect-ratio\"><div class=\"wp-block-embed__wrapper\">\n<iframe loading=\"lazy\" title=\"Pensando en Ti(Tributo \u00e0 \u00e1 Paulo Guedes)?!?!?\" width=\"500\" height=\"375\" src=\"https:\/\/www.youtube.com\/embed\/f2dXvzAT2hQ?feature=oembed\" frameborder=\"0\" allow=\"accelerometer; autoplay; clipboard-write; encrypted-media; gyroscope; picture-in-picture\" allowfullscreen><\/iframe>\n<\/div><\/figure>\n\n\n\n<p><strong>Confira os discos lan\u00e7ados na pandemia<\/strong><\/p>\n\n\n\n<figure class=\"wp-block-embed is-type-rich is-provider-spotify wp-block-embed-spotify wp-embed-aspect-21-9 wp-has-aspect-ratio\"><div class=\"wp-block-embed__wrapper\">\n<iframe loading=\"lazy\" title=\"Spotify Embed: Disco Sem Banda\" width=\"100%\" height=\"380\" frameborder=\"0\" allowfullscreen allow=\"autoplay; clipboard-write; encrypted-media; fullscreen; picture-in-picture\" src=\"https:\/\/open.spotify.com\/embed\/album\/7Ff6uHLc9NpwxfCFb40lyQ?si=eu1b2rzHTACQ_cl9RaLjhA&#038;utm_source=oembed&#038;nd=1\"><\/iframe>\n<\/div><\/figure>\n\n\n\n<figure class=\"wp-block-embed is-type-rich is-provider-spotify wp-block-embed-spotify wp-embed-aspect-21-9 wp-has-aspect-ratio\"><div class=\"wp-block-embed__wrapper\">\n<iframe loading=\"lazy\" title=\"Spotify Embed: Disco com Banda\" width=\"100%\" height=\"380\" frameborder=\"0\" allowfullscreen allow=\"autoplay; clipboard-write; encrypted-media; fullscreen; picture-in-picture\" src=\"https:\/\/open.spotify.com\/embed\/album\/308nJz50X08YiR7fP0qLoj?si=u0PJ4RAOSbiI-d_OQdIE7g&#038;utm_source=oembed&#038;nd=1\"><\/iframe>\n<\/div><\/figure>\n\n\n\n<figure class=\"wp-block-embed is-type-rich is-provider-spotify wp-block-embed-spotify wp-embed-aspect-21-9 wp-has-aspect-ratio\"><div class=\"wp-block-embed__wrapper\">\n<iframe loading=\"lazy\" title=\"Spotify Embed: Microsc\u00f3picos Ritmos de uma M\u00e1quina de Escrever\" width=\"100%\" height=\"380\" frameborder=\"0\" allowfullscreen allow=\"autoplay; clipboard-write; encrypted-media; fullscreen; picture-in-picture\" src=\"https:\/\/open.spotify.com\/embed\/album\/2092tTxKp8yDhzt1CIJ4Ag?si=dYNPpcBeSQKz7MbUmdXKpQ&#038;nd=1&#038;utm_source=oembed\"><\/iframe>\n<\/div><\/figure>\n\n\n\n<figure class=\"wp-block-embed is-type-rich is-provider-spotify wp-block-embed-spotify wp-embed-aspect-21-9 wp-has-aspect-ratio\"><div class=\"wp-block-embed__wrapper\">\n<iframe loading=\"lazy\" title=\"Spotify Embed: T\u00f4co Remexido\" width=\"100%\" height=\"380\" frameborder=\"0\" allowfullscreen allow=\"autoplay; clipboard-write; encrypted-media; fullscreen; picture-in-picture\" src=\"https:\/\/open.spotify.com\/embed\/album\/6p23Tt5iMUoKK5bIIE3nUA?utm_source=oembed\"><\/iframe>\n<\/div><\/figure>\n\n\n\n<figure class=\"wp-block-embed is-type-rich is-provider-spotify wp-block-embed-spotify wp-embed-aspect-21-9 wp-has-aspect-ratio\"><div class=\"wp-block-embed__wrapper\">\n<iframe loading=\"lazy\" title=\"Spotify Embed: Solitude\" width=\"100%\" height=\"380\" frameborder=\"0\" allowfullscreen allow=\"autoplay; clipboard-write; encrypted-media; fullscreen; picture-in-picture\" src=\"https:\/\/open.spotify.com\/embed\/album\/1k2AgL0qc1S7ueUJgIF3Ht?si=oN4CNtlVQMemgYhsVH6fwA&#038;utm_source=oembed&#038;nd=1\"><\/iframe>\n<\/div><\/figure>\n\n\n\n<figure class=\"wp-block-embed is-type-rich is-provider-spotify wp-block-embed-spotify wp-embed-aspect-21-9 wp-has-aspect-ratio\"><div class=\"wp-block-embed__wrapper\">\n<iframe loading=\"lazy\" title=\"Spotify Embed: Flu &amp; Amigos: Mundo Novo\" width=\"100%\" height=\"380\" frameborder=\"0\" allowfullscreen allow=\"autoplay; clipboard-write; encrypted-media; fullscreen; picture-in-picture\" src=\"https:\/\/open.spotify.com\/embed\/album\/46U7w6Fqa2fC5sYBosSVLI?si=ZuXs2H7JRLudCdBKVQHFog&#038;utm_source=oembed&#038;nd=1\"><\/iframe>\n<\/div><\/figure>\n\n\n\n<figure class=\"wp-block-embed is-type-rich is-provider-spotify wp-block-embed-spotify wp-embed-aspect-21-9 wp-has-aspect-ratio\"><div class=\"wp-block-embed__wrapper\">\n<iframe loading=\"lazy\" title=\"Spotify Embed: Nunca Fomos T\u00e3o Lindos\" width=\"100%\" height=\"380\" frameborder=\"0\" allowfullscreen allow=\"autoplay; clipboard-write; encrypted-media; fullscreen; picture-in-picture\" src=\"https:\/\/open.spotify.com\/embed\/album\/0GrjB77qv6ebRoydR6aZCK?si=_e8edWuUR--pSMLFNenNmw&#038;utm_source=oembed&#038;nd=1\"><\/iframe>\n<\/div><\/figure>\n\n\n\n<figure class=\"wp-block-embed is-type-rich is-provider-spotify wp-block-embed-spotify wp-embed-aspect-21-9 wp-has-aspect-ratio\"><div class=\"wp-block-embed__wrapper\">\n<iframe loading=\"lazy\" title=\"Spotify Embed: Tempo Louco\" width=\"100%\" height=\"380\" frameborder=\"0\" allowfullscreen allow=\"autoplay; clipboard-write; encrypted-media; fullscreen; picture-in-picture\" src=\"https:\/\/open.spotify.com\/embed\/album\/7cA46wy3Ax2UG6L1jXmFhh?si=daEbAVZqRl6iMfkGkc9A4w&#038;utm_source=oembed&#038;nd=1\"><\/iframe>\n<\/div><\/figure>\n","protected":false},"excerpt":{"rendered":"<div class=\"mh-excerpt\"><p>Susi Tesch Alguns m\u00fasicos e seus processos criativos na pandemia. No Brasil, em mar\u00e7o de 2020, foram estabelecidas medidas de isolamento social, e o confinamento <a class=\"mh-excerpt-more\" href=\"http:\/\/radiopirada.com\/radiopirada\/?p=423\" title=\"M\u00fasica na pandemia\">[&#8230;]<\/a><\/p>\n<\/div>","protected":false},"author":1,"featured_media":0,"comment_status":"open","ping_status":"closed","sticky":false,"template":"","format":"standard","meta":[],"categories":[6],"tags":[134,122,128,121,124,127,123,68,125,129,126,133,106,120,109,132,29,135,42],"_links":{"self":[{"href":"http:\/\/radiopirada.com\/radiopirada\/index.php?rest_route=\/wp\/v2\/posts\/423"}],"collection":[{"href":"http:\/\/radiopirada.com\/radiopirada\/index.php?rest_route=\/wp\/v2\/posts"}],"about":[{"href":"http:\/\/radiopirada.com\/radiopirada\/index.php?rest_route=\/wp\/v2\/types\/post"}],"author":[{"embeddable":true,"href":"http:\/\/radiopirada.com\/radiopirada\/index.php?rest_route=\/wp\/v2\/users\/1"}],"replies":[{"embeddable":true,"href":"http:\/\/radiopirada.com\/radiopirada\/index.php?rest_route=%2Fwp%2Fv2%2Fcomments&post=423"}],"version-history":[{"count":6,"href":"http:\/\/radiopirada.com\/radiopirada\/index.php?rest_route=\/wp\/v2\/posts\/423\/revisions"}],"predecessor-version":[{"id":450,"href":"http:\/\/radiopirada.com\/radiopirada\/index.php?rest_route=\/wp\/v2\/posts\/423\/revisions\/450"}],"wp:attachment":[{"href":"http:\/\/radiopirada.com\/radiopirada\/index.php?rest_route=%2Fwp%2Fv2%2Fmedia&parent=423"}],"wp:term":[{"taxonomy":"category","embeddable":true,"href":"http:\/\/radiopirada.com\/radiopirada\/index.php?rest_route=%2Fwp%2Fv2%2Fcategories&post=423"},{"taxonomy":"post_tag","embeddable":true,"href":"http:\/\/radiopirada.com\/radiopirada\/index.php?rest_route=%2Fwp%2Fv2%2Ftags&post=423"}],"curies":[{"name":"wp","href":"https:\/\/api.w.org\/{rel}","templated":true}]}}