{"id":37,"date":"2019-08-09T00:59:24","date_gmt":"2019-08-09T03:59:24","guid":{"rendered":"http:\/\/radiopirada.com\/radiopirada\/?p=37"},"modified":"2019-08-09T09:24:05","modified_gmt":"2019-08-09T12:24:05","slug":"festival-bb-seguros-de-blues-e-jazz","status":"publish","type":"post","link":"http:\/\/radiopirada.com\/radiopirada\/?p=37","title":{"rendered":"Festival BB Seguros de Blues e Jazz"},"content":{"rendered":"<p><b>Festival BB Seguros de Blues e Jazz <\/b>celebra sua 5\u00aa.edi\u00e7\u00e3o no dia 10 de agosto no parque da Reden\u00e7\u00e3o em Porto Alegre<b>.<\/b> Al\u00e9m dos shows, haver\u00e1 atividades gratuitas para as crian\u00e7as como oficina de malabares, pintura art\u00edstica e escultura de bal\u00e3o. As atividades infantis come\u00e7am \u00e0s 11h e v\u00e3o at\u00e9 \u00e0s 16h.<\/p>\n<ul>\n<li>11h00 &#8211; Festival BB Seguros Brass Band<\/li>\n<li>11h30 &#8211; Trino Jazz Trio<\/li>\n<li>12h30 &#8211; Tributo Eric Clapton com O Bando<\/li>\n<li>13h35 &#8211; Andr\u00e9 Christovam<\/li>\n<li>14h40 &#8211; Thiago Esp\u00edrito Santo convida Raul de Souza<\/li>\n<li>16h00 &#8211; S\u00e9rgio Dias convida Luiz Carlini<\/li>\n<li>17h20 &#8211; Jimmy Burns<\/li>\n<\/ul>\n","protected":false},"excerpt":{"rendered":"<div class=\"mh-excerpt\"><p>Festival BB Seguros de Blues e Jazz celebra sua 5\u00aa.edi\u00e7\u00e3o no dia 10 de agosto no parque da Reden\u00e7\u00e3o em Porto Alegre. Al\u00e9m dos shows, <a class=\"mh-excerpt-more\" href=\"http:\/\/radiopirada.com\/radiopirada\/?p=37\" title=\"Festival BB Seguros de Blues e Jazz\">[&#8230;]<\/a><\/p>\n<\/div>","protected":false},"author":1,"featured_media":50,"comment_status":"open","ping_status":"open","sticky":false,"template":"","format":"standard","meta":[],"categories":[3],"tags":[21,31,17,32,26,25,19,27,29,30,23,28,24,22,20,18],"_links":{"self":[{"href":"http:\/\/radiopirada.com\/radiopirada\/index.php?rest_route=\/wp\/v2\/posts\/37"}],"collection":[{"href":"http:\/\/radiopirada.com\/radiopirada\/index.php?rest_route=\/wp\/v2\/posts"}],"about":[{"href":"http:\/\/radiopirada.com\/radiopirada\/index.php?rest_route=\/wp\/v2\/types\/post"}],"author":[{"embeddable":true,"href":"http:\/\/radiopirada.com\/radiopirada\/index.php?rest_route=\/wp\/v2\/users\/1"}],"replies":[{"embeddable":true,"href":"http:\/\/radiopirada.com\/radiopirada\/index.php?rest_route=%2Fwp%2Fv2%2Fcomments&post=37"}],"version-history":[{"count":7,"href":"http:\/\/radiopirada.com\/radiopirada\/index.php?rest_route=\/wp\/v2\/posts\/37\/revisions"}],"predecessor-version":[{"id":41,"href":"http:\/\/radiopirada.com\/radiopirada\/index.php?rest_route=\/wp\/v2\/posts\/37\/revisions\/41"}],"wp:featuredmedia":[{"embeddable":true,"href":"http:\/\/radiopirada.com\/radiopirada\/index.php?rest_route=\/wp\/v2\/media\/50"}],"wp:attachment":[{"href":"http:\/\/radiopirada.com\/radiopirada\/index.php?rest_route=%2Fwp%2Fv2%2Fmedia&parent=37"}],"wp:term":[{"taxonomy":"category","embeddable":true,"href":"http:\/\/radiopirada.com\/radiopirada\/index.php?rest_route=%2Fwp%2Fv2%2Fcategories&post=37"},{"taxonomy":"post_tag","embeddable":true,"href":"http:\/\/radiopirada.com\/radiopirada\/index.php?rest_route=%2Fwp%2Fv2%2Ftags&post=37"}],"curies":[{"name":"wp","href":"https:\/\/api.w.org\/{rel}","templated":true}]}}