{"id":336,"date":"2021-05-23T18:11:44","date_gmt":"2021-05-23T21:11:44","guid":{"rendered":"http:\/\/radiopirada.com\/radiopirada\/?p=336"},"modified":"2021-05-28T23:00:23","modified_gmt":"2021-05-29T02:00:23","slug":"teste","status":"publish","type":"post","link":"http:\/\/radiopirada.com\/radiopirada\/?p=336","title":{"rendered":"Festival Internacional da Quer\u00eancia Intern\u00e9tica"},"content":{"rendered":"\n<p>O Festival Internacional da Quer\u00eancia Intern\u00e9tica (6\u00aa Edi\u00e7\u00e3o) \u00e9 um festival organizado pelos alunos e pelo prof. Ms. (Frank) Jorge de Oliveira atrav\u00e9s da atividade acad\u00eamica, PROJETO 2- FESTIVAL, do Curso Tecn\u00f3logo de Produ\u00e7\u00e3o Fonogr\u00e1fica \/ UNISINOS, matriz curricular Porto Alegre. Esta edi\u00e7\u00e3o ocorrer\u00e1 via transmiss\u00e3o pelo Youtube no canal do Est\u00fadio Sangha, est\u00fadio parceiro na capta\u00e7\u00e3o e edi\u00e7\u00e3o de boa parte dos v\u00eddeos do festival, dia 27\/05\/2021, quinta-feira a partir das 20h, e cada banda participar\u00e1 com um videoclipe gravado durante este per\u00edodo da quarentena. A apresentadora do festival ser\u00e1 a Laura Lima, jovem instrumentista de Porto Alegre.&nbsp;<\/p>\n\n\n\n<p>Os objetivos s\u00e3o muitos: construir um festival para revelar e impulsionar novos artistas da cena musical do pa\u00eds; efetivar trocas e intera\u00e7\u00f5es com artistas que j\u00e1 contam com alguma trajet\u00f3ria; dialogar com os diferentes profissionais da cadeia produtiva da m\u00fasica e locais de shows como casas noturnas, audit\u00f3rios, teatros; incentivar a diversidade cultural elencando artistas e bandas de diferentes estilos\/propostas est\u00e9ticas; intensificar a proje\u00e7\u00e3o de novos artistas nas plataformas digitais musicais; dialogar com artistas de g\u00eanero e assim, mostrarmo-nos esclarecidamente n\u00e3o-homof\u00f3bicos; proporcionar apresenta\u00e7\u00f5es musicais aos alunos do curso que tamb\u00e9m atuam em bandas autorais; dialogar com marcas e empresas da cadeia produtiva da m\u00fasica (empresas em geral) e constituir possibilidade de apoio ao festival. Um objetivo espec\u00edfico para os alunos-m\u00fasicos-gestores do festival \u00e9 experienciarem as diferentes etapas de constru\u00e7\u00e3o para erguer um festival: pr\u00e9-produ\u00e7\u00e3o, produ\u00e7\u00e3o-execu\u00e7\u00e3o e p\u00f3s-produ\u00e7\u00e3o-avalia\u00e7\u00e3o. A saber: curadoria de artistas e locais para apresenta\u00e7\u00e3o, levantamento de necessidades t\u00e9cnicas e financeiras, capta\u00e7\u00e3o de recursos e patrocinadores\/ apoiadores, plano de m\u00eddia, dissemina\u00e7\u00e3o pelas redes sociais digitais e anal\u00f3gicas, execu\u00e7\u00e3o dos shows conforme roteiro; p\u00f3s-produ\u00e7\u00e3o: avalia\u00e7\u00e3o, pontos positivos\/ pontos a melhorar, prospectar o pr\u00f3ximo festival. Simples assim, trabalheira dos infernos, que a gente ama fazer! Al\u00e9m de tudo, esta edi\u00e7\u00e3o nos enche de orgulho por contar com tr\u00eas atra\u00e7\u00f5es internacionais, Santhi e Cec\u00edlia Y El Sr Vinillo, da Argentina, Monkelis do Uruguai e o ga\u00facho radicado h\u00e1 bastante tempo em Paris (FR), Luciano Cad\u00f4, destaque no The Voice Fran\u00e7a deste ano.<\/p>\n\n\n\n<p>Pelo Youtube atrav\u00e9s do canal do Est\u00fadio Sangha, link dispon\u00edvel no card abaixo.<\/p>\n\n\n\n<figure class=\"wp-block-image size-large is-resized\"><a href=\"http:\/\/radiopirada.com\/radiopirada\/wp-content\/uploads\/2021\/05\/191319855_194245955889822_8716681942884217915_n.jpg\"><img decoding=\"async\" loading=\"lazy\" src=\"http:\/\/radiopirada.com\/radiopirada\/wp-content\/uploads\/2021\/05\/191319855_194245955889822_8716681942884217915_n.jpg\" alt=\"\" class=\"wp-image-348\" width=\"836\" height=\"836\" srcset=\"http:\/\/radiopirada.com\/radiopirada\/wp-content\/uploads\/2021\/05\/191319855_194245955889822_8716681942884217915_n.jpg 600w, http:\/\/radiopirada.com\/radiopirada\/wp-content\/uploads\/2021\/05\/191319855_194245955889822_8716681942884217915_n-300x300.jpg 300w, http:\/\/radiopirada.com\/radiopirada\/wp-content\/uploads\/2021\/05\/191319855_194245955889822_8716681942884217915_n-150x150.jpg 150w\" sizes=\"(max-width: 836px) 100vw, 836px\" \/><\/a><\/figure>\n\n\n\n<p><strong>VRUNO <\/strong>\u00e9 um cantor e compositor indie com influ\u00eancia de bandas como Supercombo e artistas como Ed Sheeran; iniciou seus trabalhos musicais solo em 2016, mesclando MPB e indie rock nas composi\u00e7\u00f5es; Atualmente, Vruno est\u00e1 trabalhando em seu primeiro EP.<\/p>\n\n\n\n<p><strong>DUBI<\/strong> entrou em contato com a m\u00fasica muito cedo, cantando e tocando v\u00e1rios instrumentos como viol\u00e3o, guitarra, baixo, sempre buscando novas sonoridades; suas refer\u00eancias principais s\u00e3o Low Roar, Pearl Jam, Oswaldo Montenegro, Coldplay, Lotte Kestner. Atualmente Dubi prepara o seu primeiro EP oficial intitulado \u201c21\u201d, a ser lan\u00e7ado no final deste ano.<br><\/p>\n\n\n\n<p><strong>PIETRA KEIBER<\/strong> tem 18 anos e come\u00e7ou sua trajet\u00f3ria musical muito cedo incentivada pela fam\u00edlia cantando em festivais, cursando aulas de t\u00e9cnica vocal, viol\u00e3o, teclado, dan\u00e7a e teatro;&nbsp; criou seu canal no Youtube em 2016 publicando covers; em 2019 lan\u00e7ou sua primeira m\u00fasica autoral solo chamada, \u201cPorta-Retrato\u201d, com excelente repercuss\u00e3o; atualmente ela est\u00e1 no 3\u00ba semestre do curso de gradua\u00e7\u00e3o em Produ\u00e7\u00e3o Fonogr\u00e1fica na Unisinos.<\/p>\n\n\n\n<figure class=\"wp-block-embed is-type-rich is-provider-spotify wp-block-embed-spotify wp-embed-aspect-9-16 wp-has-aspect-ratio\"><div class=\"wp-block-embed__wrapper\">\n<iframe loading=\"lazy\" title=\"Spotify Embed: Porta-Retrato\" width=\"300\" height=\"380\" allowtransparency=\"true\" frameborder=\"0\" allow=\"encrypted-media\" src=\"https:\/\/open.spotify.com\/embed\/track\/6oKzWPu2gsw4Viro9VXVWq?si=d0dc49b3fa994d95\"><\/iframe>\n<\/div><\/figure>\n\n\n\n<p><strong>PEDRO DuBOIS<\/strong>, natural de Porto Alegre, desenvolve sua m\u00fasica muito ligada ao rock alternativo; iniciou sua carreira em 2018, foi do electro-funk rock ao emo; seu lan\u00e7amento mais recente \u00e9 \u201cTentando Achar Amor em Porto Alegre\u201d, esp\u00e9cie de \u00e9pico da poesia de desgra\u00e7a metropolitana; suas m\u00fasicas est\u00e3o dispon\u00edveis em todas as plataformas musicais digitais; no 6\u00ba Festival Internacional da Quer\u00eancia Intern\u00e9tica marca presen\u00e7a junto de seu fiel escudeiro, o batera @water.fzanchet.<\/p>\n\n\n\n<figure class=\"wp-block-embed is-type-rich is-provider-spotify wp-block-embed-spotify wp-embed-aspect-9-16 wp-has-aspect-ratio\"><div class=\"wp-block-embed__wrapper\">\n<iframe loading=\"lazy\" title=\"Spotify Embed: Tentando Achar Amor em Porto Alegre\" width=\"300\" height=\"380\" allowtransparency=\"true\" frameborder=\"0\" allow=\"encrypted-media\" src=\"https:\/\/open.spotify.com\/embed\/track\/5yS0U6RmHllkTOdkv1ICFt?si=b73855d9014b4f3f\"><\/iframe>\n<\/div><\/figure>\n\n\n\n<p><strong>TUCA<\/strong> \u00e9 um cantor, m\u00fasico e compositor de Porto Alegre; suas refer\u00eancias s\u00e3o o rock, soul, R&amp; B, blues e indie rock; aos 26 anos conta em seu portf\u00f3lio com v\u00e1rias apresenta\u00e7\u00f5es com outros nomes da m\u00fasica nacional e internacional, como Armandinho, Charlie Brown Jr, Creed, Alice in Chains e a abertura do Ed Sheeran na Arena em Porto Alegre; desde 2015, atua junto com o m\u00fasico Felipe Rotta no projeto Led Ac\u00fastico; em 2019 lan\u00e7ou a m\u00fasica Sound of Change e em 2020 o single \u201cParticular\u201d trazendo suas reflex\u00f5es sobre o per\u00edodo de isolamento.<\/p>\n\n\n\n<figure class=\"wp-block-embed is-type-rich is-provider-spotify wp-block-embed-spotify wp-embed-aspect-9-16 wp-has-aspect-ratio\"><div class=\"wp-block-embed__wrapper\">\n<iframe loading=\"lazy\" title=\"Spotify Embed: Particular\" width=\"300\" height=\"380\" allowtransparency=\"true\" frameborder=\"0\" allow=\"encrypted-media\" src=\"https:\/\/open.spotify.com\/embed\/track\/79w4TbEaoi56AtFikOvRr7?si=8976b95646b84a72\"><\/iframe>\n<\/div><\/figure>\n\n\n\n<p>A banda<strong> BABY BUDAS<\/strong> joga no time da Nova Psicodelia Brasileira. Formada por Henrique Bordini (baixo e voz), Henrique Cardoni (teclado, viol\u00e3o e voz), Bruno Ruffier (guitarra e voz) e Gabriela Belnhak (bateria), a banda de Porto Alegre investe em arranjos de voz e mant\u00e9m o contato com as brasilidades, o brega, o rockabilly e o kraut rock.<\/p>\n\n\n\n<figure class=\"wp-block-embed is-type-rich is-provider-spotify wp-block-embed-spotify wp-embed-aspect-9-16 wp-has-aspect-ratio\"><div class=\"wp-block-embed__wrapper\">\n<iframe loading=\"lazy\" title=\"Spotify Embed: Ritmo do Algoritmo\" width=\"300\" height=\"380\" allowtransparency=\"true\" frameborder=\"0\" allow=\"encrypted-media\" src=\"https:\/\/open.spotify.com\/embed\/track\/7iGBHnKUiDTdHjXfZw7CEX?si=4f2b866267444400\"><\/iframe>\n<\/div><\/figure>\n\n\n\n<p>A banda<strong> CURRY AND BLANKETS<\/strong> existe desde 2015 e \u00e9 formada pelo Gabriel Fagundes (vocal \/ guitarra) e Guilherme Franco (bateria), a partir de encontros musicais despretensiosos em p\u00e1tios, salas de estar ou qualquer outro lugar que pudesse encaixar uma bateria e um amplificador. Suas refer\u00eancias s\u00e3o White Stripes, Arctic Monkeys e Nirvana; em 2018 lan\u00e7aram o single &#8220;Problems&#8221; com as m\u00fasicas &#8220;Rage&#8221; e &#8220;Dry Blood&#8221;; em 2021 lan\u00e7aram &#8220;Golden Age&#8221; e &#8220;Ginga&#8221;, mostrando tamb\u00e9m influ\u00eancias de musicalidades brasileiras.<\/p>\n\n\n\n<figure class=\"wp-block-embed is-type-rich is-provider-spotify wp-block-embed-spotify wp-embed-aspect-9-16 wp-has-aspect-ratio\"><div class=\"wp-block-embed__wrapper\">\n<iframe loading=\"lazy\" title=\"Spotify Embed: Ritmo do Algoritmo\" width=\"300\" height=\"380\" allowtransparency=\"true\" frameborder=\"0\" allow=\"encrypted-media\" src=\"https:\/\/open.spotify.com\/embed\/track\/7iGBHnKUiDTdHjXfZw7CEX?si=4c4ac6a7db5141ba\"><\/iframe>\n<\/div><\/figure>\n\n\n\n<p><strong>DUTRA<\/strong> \u00e9 uma banda de rock alternativo de Porto Alegre, mesclando m\u00fasica brasileira e m\u00fasica eletr\u00f4nica do in\u00edcio dos anos 2000, com presen\u00e7a de sintetizadores e influ\u00eancias como a banda Telefon Tel Aviv e os islandeses do p\u00f3s-rock Sigur R\u00f3s. Tematizam a autodescoberta, pertencimento e fluidez do tempo; lan\u00e7aram recentemente o o EP \u201cVerte\u201d; a Dutra \u00e9 formada por Camila Prado: vocals, teclados, Matheus Dutra: composi\u00e7\u00f5es, vocais, piano, guitarra, Nychollas Cardozo: bateria, Raul Araujo: guitarra e Vinicius Chagas: baixo e teclados.<\/p>\n\n\n\n<figure class=\"wp-block-embed is-type-rich is-provider-spotify wp-block-embed-spotify wp-embed-aspect-9-16 wp-has-aspect-ratio\"><div class=\"wp-block-embed__wrapper\">\n<iframe loading=\"lazy\" title=\"Spotify Embed: Leve\" width=\"300\" height=\"380\" allowtransparency=\"true\" frameborder=\"0\" allow=\"encrypted-media\" src=\"https:\/\/open.spotify.com\/embed\/track\/4E9rXGGT4tRUaUvv1HsN5j?si=0196c1814c484a11\"><\/iframe>\n<\/div><\/figure>\n\n\n\n<p>A banda <strong>YELLOW BOULEVARD<\/strong> \u00e9 uma banda de Rock &amp; Roll de Porto Alegre surgida em 2018; sua m\u00fasica dialoga tamb\u00e9m com R&amp;B, Indie, Folk e Pop; lan\u00e7aram o primeiro EP,&nbsp;The Demo Tapes, neste mesmo ano, e o primeiro \u00e1lbum,&nbsp;Roll Your Window Down, em 2019; participaram do Release Showlivre, em S\u00e3o Paulo e lan\u00e7aram o registro Ao Vivo desta apresenta\u00e7\u00e3o; desde o epis\u00f3dio da COVID-19 em mar\u00e7o\/2020 prepararam&nbsp;cinco novos singles, dentre eles, \u201cFaith in Love\u201d; a banda \u00e9 formada pelo Pedro Nascente (vocais, viol\u00f5es, guitarras, harm\u00f4nica), Felipe Saul (guitarras, sintetizadores, vocais), Chico Arias (baixo, vocais), Matheus Caster (guitarras, slides, vocais) e Conrad Fleck (bateria, vocais). <a href=\"https:\/\/open.spotify.com\/track\/5P5t1M7jN9WQN4hTInhkEF?si=2aa5e65d4afe4ac6\">https:\/\/open.spotify.com\/track\/5P5t1M7jN9WQN4hTInhkEF?si=2aa5e65d4afe4ac6<\/a><\/p>\n\n\n\n<p><strong>TASSONI<\/strong> tem 22 anos e seu trabalho se relaciona diretamente com a m\u00fasica eletr\u00f4nica; participou de apresenta\u00e7\u00f5es em diversos festivais como Atmosphere Festival, Garden Music Festival, 4\u00dc Sunset, Cathedrall e outros. O projeto de Felipe Tassoni dialoga com os trabalhos de DJs como David Guetta, Alok e Avicci.<\/p>\n\n\n\n<p><strong>NEGRA JAQUE<\/strong> \u00e9 uma rapper, compositora, produtora cultural e mestranda em Arte e Educa\u00e7\u00e3o na UFRGS; est\u00e1 na estrada desde 2007, quando integrou o grupo \u201cPesadelo do Sistema\u201d, e assim vem se destacando no segmento do hip hop; em 2013 iniciou sua carreira solo e foi a primeira mulher vencedora da \u201cBatalha do Mercado\u201d, evento tradicional da regi\u00e3o metropolitana de POA gravando assim, seu primeiro EP intitulado \u201cSOU\u201d; participou&nbsp; de festivais, como o \u201cNosoutras\u201d, lan\u00e7ou discos, recebeu pr\u00eamios e importantes indica\u00e7\u00f5es, como a de melhor compositora no \u201cPr\u00eamio A\u00e7orianos\u201d; fez o show de abertura do projeto \u201cUNIMUSICA\u201d da UFRGS em 2019, tamb\u00e9m neste mesmo ano, participou do show de Elza Soares no Bar Opini\u00e3o, circulou por v\u00e1rias cidades do RS, al\u00e9m de RJ e SP. Atualmente, a artista prepara seu quarto projeto musical, denominado &#8220;Qu4rto&#8221;.<\/p>\n\n\n\n<figure class=\"wp-block-embed is-type-rich is-provider-spotify wp-block-embed-spotify wp-embed-aspect-9-16 wp-has-aspect-ratio\"><div class=\"wp-block-embed__wrapper\">\n<iframe loading=\"lazy\" title=\"Spotify Embed: Cabelo Crespo\" width=\"300\" height=\"380\" allowtransparency=\"true\" frameborder=\"0\" allow=\"encrypted-media\" src=\"https:\/\/open.spotify.com\/embed\/track\/4JC3bMQ6OLBwQ7Wz2Ka3NA?si=9b35b50cf38948e2\"><\/iframe>\n<\/div><\/figure>\n\n\n\n<p><strong>SHAUN<\/strong> \u00e9 um projeto musical criado em Porto Alegre, por Jo\u00e3o Carneiro (voz e guitarra), ao lado de Lucas Juswiak (baixo), \u00c9rico Espindola (guitarra), Leonardo Vidal (bateria e vozes), Samuel Kirst (teclas) e Arthur da Costa (percuss\u00e3o); a sonoridade do grupo vem da fonte do que h\u00e1 em comum entre o groove madchesteriano (como Happy Mondays e Stone Roses) e a m\u00fasica brasileira (como Os Mutantes e Chico Science e Na\u00e7\u00e3o Zumbi); a banda est\u00e1 na ativa desde 2019, lan\u00e7ou tr\u00eas singles e um remix; para o segundo semestre de 2021, prepara dois EPs: um de remixes; outro de m\u00fasicas in\u00e9ditas, com a produ\u00e7\u00e3o de Jo\u00e3o Augusto Lopes (Joj\u00f4 &#8211; Tagua Tagua, Filipe Catto e Johnny Hooker).<\/p>\n\n\n\n<figure class=\"wp-block-embed is-type-rich is-provider-spotify wp-block-embed-spotify wp-embed-aspect-9-16 wp-has-aspect-ratio\"><div class=\"wp-block-embed__wrapper\">\n<iframe loading=\"lazy\" title=\"Spotify Embed: Voltando do Trabalho\" width=\"300\" height=\"380\" allowtransparency=\"true\" frameborder=\"0\" allow=\"encrypted-media\" src=\"https:\/\/open.spotify.com\/embed\/track\/4dpGtLcVpmZScTKM2baDia?si=a7d5c2d911a0475d\"><\/iframe>\n<\/div><\/figure>\n\n\n\n<p><strong>SANTHI <\/strong>\u00e9 compositor, cantor e violonista, natural da Patag\u00f4nia e h\u00e1 um bom tempo reside em Buenos Aires (capital da Argentina); come\u00e7ou sua hist\u00f3ria com m\u00fasica e poesia na adolesc\u00eancia estudando guitarra e bateria, e depois teve um tempo no conservat\u00f3rio cl\u00e1ssico; integrou algumas bandas de rock dentre elas RAW FINGERS; em 2017 e 2018 co-dirigiu com o m\u00fasico Tray Jackson um evento semanal de microfone aberto no espa\u00e7o cultural Antiguas Lunas. Em 2018 gravou na companhia de alguns amigos m\u00fasicos e ex-companheiros de banda, seu primeiro \u00e1lbum como solista, ORO DE MARIA; em 2019 se apresentou pela primeira vez no Brasil, no Sofar Bras\u00edlia e tamb\u00e9m divulgou seu \u00e1lbum no clube de m\u00fasica Kirie, Antiguas Lunas, Yonki Monkey, Eter Club, e junto com Frank Jorge no La Gran Jaime; atualmente, Santhi est\u00e1 envolvido na produ\u00e7\u00e3o do seu segundo \u00e1lbum solo. <a href=\"https:\/\/open.spotify.com\/track\/5tPfk4GYgwa3RD5ujPTdgl?si=355742c2a9074fb6\">https:\/\/open.spotify.com\/track\/5tPfk4GYgwa3RD5ujPTdgl?si=355742c2a9074fb6<\/a><\/p>\n\n\n\n<p><strong>LUCIANO CAD\u00d4<\/strong> \u00e9 um cantor, pianista, natural de Bento Gon\u00e7alves, criado em Farroupilha, teve aulas de piano desde muito cedo e tamb\u00e9m estudou no conservat\u00f3rio de m\u00fasica da UFRGS em Porto Alegre; neste cen\u00e1rio come\u00e7ou a intensificar estudos de t\u00e9cnica vocal; ingressou no curso de Engenharia Mec\u00e2nica na UFRGS a partir de 2006 e tr\u00eas anos mais tarde foi convidado a fazer um duplo-diploma na Fran\u00e7a, onde nos intervalos das aulas, aprimorou performances de m\u00fasicas prediletas como Bohemian Rhapsody (Queen) e Roxanne (The Police); concluiu seu curso em Porto Alegre e em 2014 retornou \u00e0 Fran\u00e7a, dessa vez para um doutorado e tamb\u00e9m para tentar uma carreira musical. No fim de 2018 ganhou uma competi\u00e7\u00e3o de canto e o pr\u00eamio foram aulas com uma professora de canto famosa na Fran\u00e7a e a partir da\u00ed, Luciano tocou e cantou com v\u00e1rias bandas em lugares conhecidos da noite de Paris onde segue residindo. Participou do The Voice Fran\u00e7a em 27\/02\/2021 interpretando a m\u00fasica Grace Kelly do Mika obtendo aprova\u00e7\u00e3o dos quatro jurados.<\/p>\n\n\n\n<p><strong>CEC\u00cdLIA Y EL SR VINILLO<\/strong> \u00e9 um grupo de Buenos Aires (Argentina) que faz um som que se debate entre o ac\u00fastico e o el\u00e9trico, como eles mesmos definem \u201cun trio el\u00e9ctrico que interpreta la canci\u00f3n y la lleva a diversos estados sin ataduras, sin estilos, ni etiquetas\u201d. Pela primeira vez participam em um festival no Brasil.<\/p>\n\n\n\n<figure class=\"wp-block-embed is-type-rich is-provider-spotify wp-block-embed-spotify wp-embed-aspect-9-16 wp-has-aspect-ratio\"><div class=\"wp-block-embed__wrapper\">\n<iframe loading=\"lazy\" title=\"Spotify Embed: Ser\" width=\"300\" height=\"380\" allowtransparency=\"true\" frameborder=\"0\" allow=\"encrypted-media\" src=\"https:\/\/open.spotify.com\/embed\/track\/0PYFS676wblv4UG7iugGGf?si=f81373d7176649fc\"><\/iframe>\n<\/div><\/figure>\n\n\n\n<p><strong>MONKELIS<\/strong> \u00e9 uma banda de Montevid\u00e9u (Uruguai) formado por&nbsp; Santiago Guidotti, Carolina Zunino y Eugenio Amen; duas guitarras e dois tambores. Rock primitivo, divertido y elegante. Letras en ingl\u00e9s, espa\u00f1ol, portugu\u00e9s e italiano. Gritos honestos, instrumentos baratos, corazones caros.<a href=\"https:\/\/open.spotify.com\/track\/4tfUN76AYl1k1YECHXgPJh?si=15a4e68d6363477d\">https:\/\/open.spotify.com\/track\/4tfUN76AYl1k1YECHXgPJh?si=15a4e68d6363477d<\/a><\/p>\n","protected":false},"excerpt":{"rendered":"<div class=\"mh-excerpt\"><p>O Festival Internacional da Quer\u00eancia Intern\u00e9tica (6\u00aa Edi\u00e7\u00e3o) \u00e9 um festival organizado pelos alunos e pelo prof. Ms. (Frank) Jorge de Oliveira atrav\u00e9s da atividade <a class=\"mh-excerpt-more\" href=\"http:\/\/radiopirada.com\/radiopirada\/?p=336\" title=\"Festival Internacional da Quer\u00eancia Intern\u00e9tica\">[&#8230;]<\/a><\/p>\n<\/div>","protected":false},"author":1,"featured_media":349,"comment_status":"open","ping_status":"open","sticky":false,"template":"","format":"standard","meta":[],"categories":[6,3],"tags":[116,117,115,29,118],"_links":{"self":[{"href":"http:\/\/radiopirada.com\/radiopirada\/index.php?rest_route=\/wp\/v2\/posts\/336"}],"collection":[{"href":"http:\/\/radiopirada.com\/radiopirada\/index.php?rest_route=\/wp\/v2\/posts"}],"about":[{"href":"http:\/\/radiopirada.com\/radiopirada\/index.php?rest_route=\/wp\/v2\/types\/post"}],"author":[{"embeddable":true,"href":"http:\/\/radiopirada.com\/radiopirada\/index.php?rest_route=\/wp\/v2\/users\/1"}],"replies":[{"embeddable":true,"href":"http:\/\/radiopirada.com\/radiopirada\/index.php?rest_route=%2Fwp%2Fv2%2Fcomments&post=336"}],"version-history":[{"count":9,"href":"http:\/\/radiopirada.com\/radiopirada\/index.php?rest_route=\/wp\/v2\/posts\/336\/revisions"}],"predecessor-version":[{"id":364,"href":"http:\/\/radiopirada.com\/radiopirada\/index.php?rest_route=\/wp\/v2\/posts\/336\/revisions\/364"}],"wp:featuredmedia":[{"embeddable":true,"href":"http:\/\/radiopirada.com\/radiopirada\/index.php?rest_route=\/wp\/v2\/media\/349"}],"wp:attachment":[{"href":"http:\/\/radiopirada.com\/radiopirada\/index.php?rest_route=%2Fwp%2Fv2%2Fmedia&parent=336"}],"wp:term":[{"taxonomy":"category","embeddable":true,"href":"http:\/\/radiopirada.com\/radiopirada\/index.php?rest_route=%2Fwp%2Fv2%2Fcategories&post=336"},{"taxonomy":"post_tag","embeddable":true,"href":"http:\/\/radiopirada.com\/radiopirada\/index.php?rest_route=%2Fwp%2Fv2%2Ftags&post=336"}],"curies":[{"name":"wp","href":"https:\/\/api.w.org\/{rel}","templated":true}]}}