{"id":312,"date":"2021-05-19T11:03:11","date_gmt":"2021-05-19T14:03:11","guid":{"rendered":"http:\/\/radiopirada.com\/radiopirada\/?p=312"},"modified":"2021-08-20T10:38:32","modified_gmt":"2021-08-20T13:38:32","slug":"o-rock-and-roll-na-pandemia","status":"publish","type":"post","link":"http:\/\/radiopirada.com\/radiopirada\/?p=312","title":{"rendered":"O Rock and Roll na pandemia"},"content":{"rendered":"\n<p>No Brasil, o primeiro caso de contamina\u00e7\u00e3o pelo novo coronav\u00edrus ocorreu no final de fevereiro de 2020. Em mar\u00e7o, foram estabelecidas medidas de isolamento social, e o confinamento chegou. A classe art\u00edstica foi uma das primeiras a ter suas atividades suspensas. Com os cancelamentos de shows, os m\u00fasicos trocaram a estrada por suas casas e precisaram se reinventar.<\/p>\n\n\n\n<h4><strong>Com a chegada do coronav\u00edrus no Brasil, os m\u00fasicos e suas equipes foram os primeiros a pararem suas atividades, e ser\u00e3o os \u00faltimos a voltar. Para esses profissionais, foi trocar o dia a dia na estrada, por suas&nbsp;casas.<\/strong><\/h4>\n\n\n\n<blockquote class=\"wp-block-quote\"><p>\u201c \u00c9 uma situa\u00e7\u00e3o bem complicada, nosso setor foi o primeiro a parar e vai ser o \u00faltimo a voltar, sem nenhum apoio do governo\u201d\u200a\u2014\u200a<strong>Marcelo Gross, m\u00fasico<\/strong><\/p><\/blockquote>\n\n\n\n<figure class=\"wp-block-image\"><img decoding=\"async\" loading=\"lazy\" width=\"1632\" height=\"1224\" src=\"http:\/\/radiopirada.com\/radiopirada\/wp-content\/uploads\/2021\/05\/DSC00855.jpg\" alt=\"\" class=\"wp-image-313\" srcset=\"http:\/\/radiopirada.com\/radiopirada\/wp-content\/uploads\/2021\/05\/DSC00855.jpg 1632w, http:\/\/radiopirada.com\/radiopirada\/wp-content\/uploads\/2021\/05\/DSC00855-300x225.jpg 300w, http:\/\/radiopirada.com\/radiopirada\/wp-content\/uploads\/2021\/05\/DSC00855-1024x768.jpg 1024w, http:\/\/radiopirada.com\/radiopirada\/wp-content\/uploads\/2021\/05\/DSC00855-768x576.jpg 768w, http:\/\/radiopirada.com\/radiopirada\/wp-content\/uploads\/2021\/05\/DSC00855-1536x1152.jpg 1536w\" sizes=\"(max-width: 1632px) 100vw, 1632px\" \/><figcaption><strong>Marcelo Gross em show com a banda Cachorro Grande, no Parc\u00e3o, em setembro de 2009 | Foto: Moema Fortes | Arquivo da Radio Pirada<\/strong><\/figcaption><\/figure>\n\n\n\n<h4><strong>Marcelo Gross finaliza disco durante a&nbsp;pandemia<\/strong><\/h4>\n\n\n\n<p>Marcelo Gross, ex-guitarrista da banda Cachorro Grande, conta que fez algumas lives, chamadas por ele de <em>Love Live<\/em>, desde que levantou acampamento de S\u00e3o Paulo para o Rio Grande do Sul, no in\u00edcio da pandemia. Paralelamente a isso, frequentava um est\u00fadio para finalizar seu disco chamado \u201cTempo Louco\u2019\u2019. Seu sustento neste per\u00edodo tem sido de direitos autorais de algumas m\u00fasicas da Cachorro Grande e de editais. \u201cN\u00e3o poder fazer shows \u00e9 bem dif\u00edcil\u201d, diz o m\u00fasico. Ele acredita que vai ficar mais um ano sem se apresentar para grandes p\u00fablicos, mas chegou a fazer alguns apenas de voz e viol\u00e3o em lugares seguros, que respeitavam todos os protocolos de sa\u00fade e com distanciamento social. \u201c\u00c9 uma situa\u00e7\u00e3o bem complicada, nosso setor foi o primeiro a parar e vai ser o \u00faltimo a voltar, sem nenhum apoio do governo. As \u00fanicas coisas que podemos fazer s\u00e3o lives e lan\u00e7amentos de m\u00fasicas novas. As lives t\u00eam uma conex\u00e3o legal com o p\u00fablico. O pessoal acompanha todos os dias\u201d, conta. Para Gross, n\u00e3o h\u00e1 como o m\u00fasico reinventar algo que est\u00e1 parado, os m\u00fasicos est\u00e3o de m\u00e3os atadas esperando a vacina para poder retomar as atividades normais.<\/p>\n\n\n\n<p>Durante a pandemia, Gross lan\u00e7ou quatro singles: \u201cDan\u00e7a das Almas\u201d, \u201cCarnaval\u201d, \u201cAs L\u00e1grimas\u201d e recentemente \u201cEla n\u00e3o quer\u201d. Os quatro far\u00e3o parte de seu novo \u00e1lbum, com 10 faixas. O disco foi gravado em S\u00e3o Paulo no est\u00fadio Clandestino, com o Power Trio (Marcelo Gross na guitarra e vocal, Alexandre Papel na bateria e Eduardo Barreto no baixo). Papel e Eduardo, que j\u00e1 acompanham Gross h\u00e1 dois anos em sua carreira solo, tamb\u00e9m s\u00e3o ga\u00fachos radicados em S\u00e3o Paulo. Gross diz que est\u00e1 ansioso para lan\u00e7ar o disco que est\u00e1 pronto. A capa acabou de ser finalizada, e vai ter uma edi\u00e7\u00e3o em vinil, pelo selo 180 gramas. O disco tamb\u00e9m ter\u00e1 uma composi\u00e7\u00e3o de Gross com Charles Masters (ex-integrante da banda TNT).<\/p>\n\n\n\n<h4><strong>A forma\u00e7\u00e3o de produtores musicais durante a&nbsp;pandemia<\/strong><\/h4>\n\n\n\n<p>O m\u00fasico e coordenador do curso de Produ\u00e7\u00e3o Fonogr\u00e1fica da Unisinos, Frank Jorge, conta que houve muitas mudan\u00e7as e desafios no curso com a pandemia. A adapta\u00e7\u00e3o \u00e0s aulas por webconfer\u00eancias foi o primeiro desafio. De acordo com ele, \u00e9 dif\u00edcil manter uma turma heterog\u00eanea, com diferen\u00e7a de idades, interessada e unida, entrando no hor\u00e1rio da aula virtual. Frank diz que \u00e9 preciso um grau forte de equil\u00edbrio para apoiar os alunos, para n\u00e3o se desmotivarem. Em muitos casos, os estudantes n\u00e3o puderam assistir \u00e0s aulas, principalmente por terem familiares com covid. \u201cNesses momentos \u00e9 necess\u00e1rio dar um suporte psicol\u00f3gico para os alunos\u201d, conta.<\/p>\n\n\n\n<p>Manter conte\u00fados program\u00e1ticos previstos e intensificar discuss\u00f5es sobre alternativas de intera\u00e7\u00e3o dos artistas via redes sociais, assim como op\u00e7\u00f5es de trabalho como lives, shows e editais foram os caminhos encontrados para analisar com os alunos a situa\u00e7\u00e3o que a \u00e1rea est\u00e1 vivendo com a pandemia, Frank conta que incentiva os alunos a utilizarem estrat\u00e9gias de comunica\u00e7\u00e3o durante a pandemia como forma de manter os artistas em atividade. \u201c\u00c9 muito importante a regularidade e intensidade de postagens em redes sociais, se divulgando com algum conte\u00fado\u201d, explica Frank.<\/p>\n\n\n\n<p>Dois festivais dos alunos do curso que ocorreriam em bares de Porto Alegre foram adaptados para lives e produ\u00e7\u00e3o de v\u00eddeos produzidos pelos alunos uploadeados para o IGTV do curso. Foi intensificada a presen\u00e7a de convidados via aulas por webconfer\u00eancias de diferentes setores da cadeia produtiva da m\u00fasica.<\/p>\n\n\n\n<p>Um dos grandes problemas para os m\u00fasicos durante a pandemia s\u00e3o as alternativas de remunera\u00e7\u00e3o. Por isso, os professores do curso est\u00e3o dando exemplos de m\u00fasicos que est\u00e3o fazendo lives remuneradas. Frank diz que as trocas com outros artistas pode gerar possibilidades de produ\u00e7\u00e3o de grava\u00e7\u00e3o de m\u00fasica, EPs e \u00e1lbuns. Outra sa\u00edda \u00e9 a inscri\u00e7\u00e3o em editais. \u201cO Pedrinho Figueiredo, por exemplo, dividiu com a turma uma extensa lista de editais permanentes e emergenciais. Essa aula foi muito importante porque o Pedrinho trouxe mais de 10 editais que existem, n\u00e3o s\u00f3 no Rio Grande do Sul\u201d, conta Frank. Pedrinho Figueiredo \u00e9 flautista, saxofonista, compositor, produtor musical, al\u00e9m de desempenhar outras fun\u00e7\u00f5es ligadas \u00e0 m\u00fasica. Nos festivais de m\u00fasica regional no Rio Grande do Sul, recebeu 25 pr\u00eamios de Melhor Instrumentista ou Arranjador.<\/p>\n\n\n\n<h4><strong>O m\u00fasico Frank Jorge na&nbsp;pandemia<\/strong><\/h4>\n\n\n\n<figure class=\"wp-block-image size-large is-resized\"><a href=\"http:\/\/radiopirada.com\/radiopirada\/wp-content\/uploads\/2021\/05\/167146161_287816409599327_613303249813432547_n.jpg\"><img decoding=\"async\" loading=\"lazy\" src=\"http:\/\/radiopirada.com\/radiopirada\/wp-content\/uploads\/2021\/05\/167146161_287816409599327_613303249813432547_n.jpg\" alt=\"\" class=\"wp-image-314\" width=\"837\" height=\"837\" srcset=\"http:\/\/radiopirada.com\/radiopirada\/wp-content\/uploads\/2021\/05\/167146161_287816409599327_613303249813432547_n.jpg 640w, http:\/\/radiopirada.com\/radiopirada\/wp-content\/uploads\/2021\/05\/167146161_287816409599327_613303249813432547_n-300x300.jpg 300w, http:\/\/radiopirada.com\/radiopirada\/wp-content\/uploads\/2021\/05\/167146161_287816409599327_613303249813432547_n-150x150.jpg 150w\" sizes=\"(max-width: 837px) 100vw, 837px\" \/><\/a><figcaption><strong>Frank Jorge em foto de divulga\u00e7\u00e3o | Foto: Raul Krebs<\/strong><\/figcaption><\/figure>\n\n\n\n<p>Frank Jorge, como m\u00fasico, tamb\u00e9m participou de v\u00e1rias lives, convidado por diferentes pessoas, do Brasil e do exterior. Entre elas com Eduardo Santos da Loop; com Thunderbird; e com L\u00facio Ribeiro, da Popload. Ele entrou informalmente em algumas lives para tocar repert\u00f3rios solo, da Graforr\u00e9ia Xilarm\u00f4nica, de m\u00fasica brega, em espanhol, sempre se mostrando disposto a interagir com as pessoas, despojado e em casa, sem aglomera\u00e7\u00f5es.<\/p>\n\n\n\n<p>Frank tamb\u00e9m lan\u00e7ou nove singles, postados de abril a dezembro de 2020. Algumas m\u00fasicas foram gravadas no final de 2019 e outras h\u00e1 muito tempo, mas que ainda n\u00e3o estavam dispon\u00edveis no streaming. \u201cMuito al\u00e9m de parecer uma obrigatoriedade de gerar conte\u00fado, fiz isso para manter plataformas sociais e digitais\u201d explica Frank.<\/p>\n\n\n\n<p>Frank tamb\u00e9m concluiu o disco \u201cNunca Fomos T\u00e3o Lindos\u201d em parceria com o m\u00fasico Kassin, gravado no est\u00fadio Marquise 51. Estavam na grava\u00e7\u00e3o somente Frank e o operador de som Beto Silva. \u201cEste per\u00edodo foi tamb\u00e9m de muito aprendizado\u201d, comenta o m\u00fasico. Ele abriu conta em uma agregadora digital One RPM, aprendeu a subir as m\u00fasicas e fazer as capas de seus singles. Essa sua experi\u00eancia foi tamb\u00e9m compartilhada.<\/p>\n\n\n\n<h4><strong>Scandurra na&nbsp;pandemia<\/strong><\/h4>\n\n\n\n<p>A banda IRA! tamb\u00e9m enfrentou o desafio de lan\u00e7ar novo disco neste momento. \u201cTeve que ser lan\u00e7ado durante a pandemia pela necessidade art\u00edstica que sent\u00edamos, ap\u00f3s um hiato de 13 anos sem um lan\u00e7amento de in\u00e9ditas. Talvez o melhor tivesse sido aguardar o fim da pandemia, mas quando isso ir\u00e1 acontecer? E nossa ansiedade e de nosso p\u00fablico, como ficaria? Resolvemos lan\u00e7ar\u201d, explica o guitarrista da banda Edgard Scandurra.<\/p>\n\n\n\n<figure class=\"is-layout-flex wp-block-gallery-1 wp-block-gallery columns-1 is-cropped\"><ul class=\"blocks-gallery-grid\"><li class=\"blocks-gallery-item\"><figure><a href=\"http:\/\/radiopirada.com\/radiopirada\/wp-content\/uploads\/2021\/05\/scan.png\"><img decoding=\"async\" loading=\"lazy\" width=\"874\" height=\"615\" src=\"http:\/\/radiopirada.com\/radiopirada\/wp-content\/uploads\/2021\/05\/scan.png\" alt=\"\" data-id=\"315\" data-full-url=\"http:\/\/radiopirada.com\/radiopirada\/wp-content\/uploads\/2021\/05\/scan.png\" data-link=\"http:\/\/radiopirada.com\/radiopirada\/?attachment_id=315\" class=\"wp-image-315\" srcset=\"http:\/\/radiopirada.com\/radiopirada\/wp-content\/uploads\/2021\/05\/scan.png 874w, http:\/\/radiopirada.com\/radiopirada\/wp-content\/uploads\/2021\/05\/scan-300x211.png 300w, http:\/\/radiopirada.com\/radiopirada\/wp-content\/uploads\/2021\/05\/scan-768x540.png 768w\" sizes=\"(max-width: 874px) 100vw, 874px\" \/><\/a><\/figure><\/li><\/ul><figcaption class=\"blocks-gallery-caption\"><strong>Edgard Scandurra no audit\u00f3rio Ara\u00fajo Vianna, Show IRA! Folk em outubro de 2017 | Foto: Susi Tesch | Arquivo da Radio Pirada<\/strong><\/figcaption><\/figure>\n\n\n\n<p>O confinamento para Scandurra est\u00e1 sendo muito dif\u00edcil, com muito pouco trabalho. Ele explica que a m\u00fasica \u00e9 seu sustento di\u00e1rio. Sem ele o bolso aperta. Al\u00e9m do problema financeiro, sente saudade de viajar, entrar no \u00f4nibus, nas vans, avi\u00f5es, hot\u00e9is, camarins. Gosta muito das brincadeiras e da expectativa das apresenta\u00e7\u00f5es. \u201cTudo isso faz muita falta pra mim e pra toda a minha classe\u201d, conta.<\/p>\n\n\n\n<p>Durante o confinamento passou a tocar, cada vez mais viol\u00e3o em sua casa. Come\u00e7ou a criar composi\u00e7\u00f5es do nada, \u201cinspira\u00e7\u00e3o pura\u2019\u2019. Ele conta que as m\u00fasicas simplesmente vinham, com partes bem definidas e ele percebeu que podia fazer v\u00eddeos com essas m\u00fasicas. Todas elas est\u00e3o dispon\u00edveis no IGTV do seu instagram mas como Scandurra achou o registro interessante selecionou 11 m\u00fasicas para postar nas plataformas digitais e lan\u00e7ou o disco solo \u201cJogo das Semelhan\u00e7as\u201d. O primeiro lan\u00e7amento foi em fitas cassetes e o vinil chega no pr\u00f3ximo semestre.<\/p>\n\n\n\n<p>Apesar de toda a adversidade, os m\u00fasicos acabaram aproveitando o per\u00edodo de isolamento para criar e compartilhar as dificuldades com os colegas at\u00e9 que possam colocar de novo o p\u00e9 na estrada e nos palcos.<\/p>\n","protected":false},"excerpt":{"rendered":"<div class=\"mh-excerpt\"><p>No Brasil, o primeiro caso de contamina\u00e7\u00e3o pelo novo coronav\u00edrus ocorreu no final de fevereiro de 2020. Em mar\u00e7o, foram estabelecidas medidas de isolamento social, <a class=\"mh-excerpt-more\" href=\"http:\/\/radiopirada.com\/radiopirada\/?p=312\" title=\"O Rock and Roll na pandemia\">[&#8230;]<\/a><\/p>\n<\/div>","protected":false},"author":1,"featured_media":316,"comment_status":"open","ping_status":"open","sticky":false,"template":"","format":"standard","meta":[],"categories":[111],"tags":[58,68,108,106,109,29,43,30,14,107,42],"_links":{"self":[{"href":"http:\/\/radiopirada.com\/radiopirada\/index.php?rest_route=\/wp\/v2\/posts\/312"}],"collection":[{"href":"http:\/\/radiopirada.com\/radiopirada\/index.php?rest_route=\/wp\/v2\/posts"}],"about":[{"href":"http:\/\/radiopirada.com\/radiopirada\/index.php?rest_route=\/wp\/v2\/types\/post"}],"author":[{"embeddable":true,"href":"http:\/\/radiopirada.com\/radiopirada\/index.php?rest_route=\/wp\/v2\/users\/1"}],"replies":[{"embeddable":true,"href":"http:\/\/radiopirada.com\/radiopirada\/index.php?rest_route=%2Fwp%2Fv2%2Fcomments&post=312"}],"version-history":[{"count":3,"href":"http:\/\/radiopirada.com\/radiopirada\/index.php?rest_route=\/wp\/v2\/posts\/312\/revisions"}],"predecessor-version":[{"id":421,"href":"http:\/\/radiopirada.com\/radiopirada\/index.php?rest_route=\/wp\/v2\/posts\/312\/revisions\/421"}],"wp:featuredmedia":[{"embeddable":true,"href":"http:\/\/radiopirada.com\/radiopirada\/index.php?rest_route=\/wp\/v2\/media\/316"}],"wp:attachment":[{"href":"http:\/\/radiopirada.com\/radiopirada\/index.php?rest_route=%2Fwp%2Fv2%2Fmedia&parent=312"}],"wp:term":[{"taxonomy":"category","embeddable":true,"href":"http:\/\/radiopirada.com\/radiopirada\/index.php?rest_route=%2Fwp%2Fv2%2Fcategories&post=312"},{"taxonomy":"post_tag","embeddable":true,"href":"http:\/\/radiopirada.com\/radiopirada\/index.php?rest_route=%2Fwp%2Fv2%2Ftags&post=312"}],"curies":[{"name":"wp","href":"https:\/\/api.w.org\/{rel}","templated":true}]}}