{"id":284,"date":"2021-04-04T19:25:41","date_gmt":"2021-04-04T22:25:41","guid":{"rendered":"http:\/\/radiopirada.com\/radiopirada\/?p=284"},"modified":"2021-05-19T14:24:49","modified_gmt":"2021-05-19T17:24:49","slug":"fora-bolsonaro","status":"publish","type":"post","link":"http:\/\/radiopirada.com\/radiopirada\/?p=284","title":{"rendered":"Fora Bolsonaro"},"content":{"rendered":"\n<p><\/p>\n\n\n\n<p><\/p>\n\n\n\n<p class=\"has-text-align-left\"> Manifesta\u00e7\u00e3o contra o Bolsonaro, que ocorreu no dia 31 de janeiro&nbsp; para pedir agilidade na vacina\u00e7\u00e3o contra a Covid-19, a volta do auxilio emergencial e tamb\u00e9m o impeachment do presidente Jair Bolsonaro (sem partido). A carreata saiu pr\u00f3ximo do est\u00e1dio Beira-Rio, em Porto Alegre &#8211; RS por volta das 10h, e percorreu as avenidas Padre Cacique e Chu\u00ed, at\u00e9 chegar no T\u00fanel da Concei\u00e7\u00e3o, Centro Hist\u00f3rico, e retornar para o local de origem.<\/p>\n\n\n\n<p>Passeatas e carreatas contra o desgoverno est\u00e3o sendo cada vez mais crescente.<\/p>\n\n\n\n<figure class=\"wp-block-image\"><img decoding=\"async\" loading=\"lazy\" width=\"1024\" height=\"768\" src=\"http:\/\/radiopirada.com\/radiopirada\/wp-content\/uploads\/2021\/04\/20210131_101234-1024x768.jpg\" alt=\"\" class=\"wp-image-285\" srcset=\"http:\/\/radiopirada.com\/radiopirada\/wp-content\/uploads\/2021\/04\/20210131_101234-1024x768.jpg 1024w, http:\/\/radiopirada.com\/radiopirada\/wp-content\/uploads\/2021\/04\/20210131_101234-300x225.jpg 300w, http:\/\/radiopirada.com\/radiopirada\/wp-content\/uploads\/2021\/04\/20210131_101234-768x576.jpg 768w\" sizes=\"(max-width: 1024px) 100vw, 1024px\" \/><figcaption>Tenda do vereador Roberto Robaina do PSOL.<\/figcaption><\/figure>\n\n\n\n<figure class=\"wp-block-image\"><img decoding=\"async\" loading=\"lazy\" width=\"1024\" height=\"768\" src=\"http:\/\/radiopirada.com\/radiopirada\/wp-content\/uploads\/2021\/04\/20210131_103033-1024x768.jpg\" alt=\"\" class=\"wp-image-286\" srcset=\"http:\/\/radiopirada.com\/radiopirada\/wp-content\/uploads\/2021\/04\/20210131_103033-1024x768.jpg 1024w, http:\/\/radiopirada.com\/radiopirada\/wp-content\/uploads\/2021\/04\/20210131_103033-300x225.jpg 300w, http:\/\/radiopirada.com\/radiopirada\/wp-content\/uploads\/2021\/04\/20210131_103033-768x576.jpg 768w\" sizes=\"(max-width: 1024px) 100vw, 1024px\" \/><figcaption>A deputada estadual Luciana Genro (PSOL) e o vereador Roberto Robaina (PSOL) presentes na manifesta\u00e7\u00e3o.<\/figcaption><\/figure>\n\n\n\n<figure class=\"wp-block-image\"><img decoding=\"async\" loading=\"lazy\" width=\"1024\" height=\"768\" src=\"http:\/\/radiopirada.com\/radiopirada\/wp-content\/uploads\/2021\/04\/20210131_102916-1-1024x768.jpg\" alt=\"\" class=\"wp-image-288\" srcset=\"http:\/\/radiopirada.com\/radiopirada\/wp-content\/uploads\/2021\/04\/20210131_102916-1-1024x768.jpg 1024w, http:\/\/radiopirada.com\/radiopirada\/wp-content\/uploads\/2021\/04\/20210131_102916-1-300x225.jpg 300w, http:\/\/radiopirada.com\/radiopirada\/wp-content\/uploads\/2021\/04\/20210131_102916-1-768x576.jpg 768w\" sizes=\"(max-width: 1024px) 100vw, 1024px\" \/><figcaption>Manifestantes com bandeira.<\/figcaption><\/figure>\n\n\n\n<figure class=\"wp-block-image\"><img decoding=\"async\" loading=\"lazy\" width=\"1024\" height=\"768\" src=\"http:\/\/radiopirada.com\/radiopirada\/wp-content\/uploads\/2021\/04\/20210131_104256-1024x768.jpg\" alt=\"\" class=\"wp-image-289\" srcset=\"http:\/\/radiopirada.com\/radiopirada\/wp-content\/uploads\/2021\/04\/20210131_104256-1024x768.jpg 1024w, http:\/\/radiopirada.com\/radiopirada\/wp-content\/uploads\/2021\/04\/20210131_104256-300x225.jpg 300w, http:\/\/radiopirada.com\/radiopirada\/wp-content\/uploads\/2021\/04\/20210131_104256-768x576.jpg 768w\" sizes=\"(max-width: 1024px) 100vw, 1024px\" \/><figcaption>Manisfestante segurando bandeira contra Bolsonaro.<\/figcaption><\/figure>\n\n\n\n<figure class=\"wp-block-image\"><img decoding=\"async\" loading=\"lazy\" width=\"1024\" height=\"768\" src=\"http:\/\/radiopirada.com\/radiopirada\/wp-content\/uploads\/2021\/04\/20210131_101503-1024x768.jpg\" alt=\"\" class=\"wp-image-290\" srcset=\"http:\/\/radiopirada.com\/radiopirada\/wp-content\/uploads\/2021\/04\/20210131_101503-1024x768.jpg 1024w, http:\/\/radiopirada.com\/radiopirada\/wp-content\/uploads\/2021\/04\/20210131_101503-300x225.jpg 300w, http:\/\/radiopirada.com\/radiopirada\/wp-content\/uploads\/2021\/04\/20210131_101503-768x576.jpg 768w\" sizes=\"(max-width: 1024px) 100vw, 1024px\" \/><figcaption>Carro de manifestante<\/figcaption><\/figure>\n\n\n\n<figure class=\"wp-block-image\"><img decoding=\"async\" loading=\"lazy\" width=\"1024\" height=\"768\" src=\"http:\/\/radiopirada.com\/radiopirada\/wp-content\/uploads\/2021\/04\/20210131_104444-1024x768.jpg\" alt=\"\" class=\"wp-image-291\" srcset=\"http:\/\/radiopirada.com\/radiopirada\/wp-content\/uploads\/2021\/04\/20210131_104444-1024x768.jpg 1024w, http:\/\/radiopirada.com\/radiopirada\/wp-content\/uploads\/2021\/04\/20210131_104444-300x225.jpg 300w, http:\/\/radiopirada.com\/radiopirada\/wp-content\/uploads\/2021\/04\/20210131_104444-768x576.jpg 768w\" sizes=\"(max-width: 1024px) 100vw, 1024px\" \/><figcaption>Carro de manifestante.<\/figcaption><\/figure>\n\n\n\n<figure class=\"wp-block-image\"><img decoding=\"async\" loading=\"lazy\" width=\"1024\" height=\"768\" src=\"http:\/\/radiopirada.com\/radiopirada\/wp-content\/uploads\/2021\/04\/20210131_103800-1024x768.jpg\" alt=\"\" class=\"wp-image-292\" srcset=\"http:\/\/radiopirada.com\/radiopirada\/wp-content\/uploads\/2021\/04\/20210131_103800-1024x768.jpg 1024w, http:\/\/radiopirada.com\/radiopirada\/wp-content\/uploads\/2021\/04\/20210131_103800-300x225.jpg 300w, http:\/\/radiopirada.com\/radiopirada\/wp-content\/uploads\/2021\/04\/20210131_103800-768x576.jpg 768w\" sizes=\"(max-width: 1024px) 100vw, 1024px\" \/><figcaption>Material de apoio da manifesta\u00e7\u00e3o.<\/figcaption><\/figure>\n\n\n\n<figure class=\"wp-block-image\"><img decoding=\"async\" loading=\"lazy\" width=\"1024\" height=\"768\" src=\"http:\/\/radiopirada.com\/radiopirada\/wp-content\/uploads\/2021\/04\/20210131_101550-1024x768.jpg\" alt=\"\" class=\"wp-image-293\" srcset=\"http:\/\/radiopirada.com\/radiopirada\/wp-content\/uploads\/2021\/04\/20210131_101550-1024x768.jpg 1024w, http:\/\/radiopirada.com\/radiopirada\/wp-content\/uploads\/2021\/04\/20210131_101550-300x225.jpg 300w, http:\/\/radiopirada.com\/radiopirada\/wp-content\/uploads\/2021\/04\/20210131_101550-768x576.jpg 768w\" sizes=\"(max-width: 1024px) 100vw, 1024px\" \/><figcaption>Fora Bolsonaro escrito de batom vermelho na janela de uma Kombi.<\/figcaption><\/figure>\n\n\n\n<figure class=\"wp-block-image\"><img decoding=\"async\" loading=\"lazy\" width=\"1024\" height=\"768\" src=\"http:\/\/radiopirada.com\/radiopirada\/wp-content\/uploads\/2021\/04\/20210131_104619-1024x768.jpg\" alt=\"\" class=\"wp-image-294\" srcset=\"http:\/\/radiopirada.com\/radiopirada\/wp-content\/uploads\/2021\/04\/20210131_104619-1024x768.jpg 1024w, http:\/\/radiopirada.com\/radiopirada\/wp-content\/uploads\/2021\/04\/20210131_104619-300x225.jpg 300w, http:\/\/radiopirada.com\/radiopirada\/wp-content\/uploads\/2021\/04\/20210131_104619-768x576.jpg 768w\" sizes=\"(max-width: 1024px) 100vw, 1024px\" \/><figcaption>Carro de manifestantes com bandeiras do PT.<\/figcaption><\/figure>\n\n\n\n<figure class=\"wp-block-image\"><img decoding=\"async\" loading=\"lazy\" width=\"1024\" height=\"768\" src=\"http:\/\/radiopirada.com\/radiopirada\/wp-content\/uploads\/2021\/04\/20210131_104222-1024x768.jpg\" alt=\"\" class=\"wp-image-295\" srcset=\"http:\/\/radiopirada.com\/radiopirada\/wp-content\/uploads\/2021\/04\/20210131_104222-1024x768.jpg 1024w, http:\/\/radiopirada.com\/radiopirada\/wp-content\/uploads\/2021\/04\/20210131_104222-300x225.jpg 300w, http:\/\/radiopirada.com\/radiopirada\/wp-content\/uploads\/2021\/04\/20210131_104222-768x576.jpg 768w\" sizes=\"(max-width: 1024px) 100vw, 1024px\" \/><figcaption>Caminh\u00e3o de som da carreata.<\/figcaption><\/figure>\n\n\n\n<figure class=\"wp-block-image\"><img decoding=\"async\" loading=\"lazy\" width=\"1024\" height=\"768\" src=\"http:\/\/radiopirada.com\/radiopirada\/wp-content\/uploads\/2021\/04\/20210131_103156-1024x768.jpg\" alt=\"\" class=\"wp-image-296\" srcset=\"http:\/\/radiopirada.com\/radiopirada\/wp-content\/uploads\/2021\/04\/20210131_103156-1024x768.jpg 1024w, http:\/\/radiopirada.com\/radiopirada\/wp-content\/uploads\/2021\/04\/20210131_103156-300x225.jpg 300w, http:\/\/radiopirada.com\/radiopirada\/wp-content\/uploads\/2021\/04\/20210131_103156-768x576.jpg 768w\" sizes=\"(max-width: 1024px) 100vw, 1024px\" \/><figcaption>Carro de manifestante com cartaz colado na porta.<\/figcaption><\/figure>\n\n\n\n<figure class=\"wp-block-image\"><img decoding=\"async\" loading=\"lazy\" width=\"1024\" height=\"768\" src=\"http:\/\/radiopirada.com\/radiopirada\/wp-content\/uploads\/2021\/04\/20210131_100532-1024x768.jpg\" alt=\"\" class=\"wp-image-297\" srcset=\"http:\/\/radiopirada.com\/radiopirada\/wp-content\/uploads\/2021\/04\/20210131_100532-1024x768.jpg 1024w, http:\/\/radiopirada.com\/radiopirada\/wp-content\/uploads\/2021\/04\/20210131_100532-300x225.jpg 300w, http:\/\/radiopirada.com\/radiopirada\/wp-content\/uploads\/2021\/04\/20210131_100532-768x576.jpg 768w\" sizes=\"(max-width: 1024px) 100vw, 1024px\" \/><figcaption>Manifestantes<\/figcaption><\/figure>\n\n\n\n<figure class=\"wp-block-image\"><img decoding=\"async\" loading=\"lazy\" width=\"1024\" height=\"768\" src=\"http:\/\/radiopirada.com\/radiopirada\/wp-content\/uploads\/2021\/04\/20210320_140829-1024x768.jpg\" alt=\"\" class=\"wp-image-298\" srcset=\"http:\/\/radiopirada.com\/radiopirada\/wp-content\/uploads\/2021\/04\/20210320_140829-1024x768.jpg 1024w, http:\/\/radiopirada.com\/radiopirada\/wp-content\/uploads\/2021\/04\/20210320_140829-300x225.jpg 300w, http:\/\/radiopirada.com\/radiopirada\/wp-content\/uploads\/2021\/04\/20210320_140829-768x576.jpg 768w\" sizes=\"(max-width: 1024px) 100vw, 1024px\" \/><figcaption>Durante o trajeto foi registrado um outdoor de protesto pr\u00f3ximo ao t\u00fanel da Concei\u00e7\u00e3o com a rua Sarmento Leite.<\/figcaption><\/figure>\n","protected":false},"excerpt":{"rendered":"<div class=\"mh-excerpt\"><p>Manifesta\u00e7\u00e3o contra o Bolsonaro, que ocorreu no dia 31 de janeiro&nbsp; para pedir agilidade na vacina\u00e7\u00e3o contra a Covid-19, a volta do auxilio emergencial e <a class=\"mh-excerpt-more\" href=\"http:\/\/radiopirada.com\/radiopirada\/?p=284\" title=\"Fora Bolsonaro\">[&#8230;]<\/a><\/p>\n<\/div>","protected":false},"author":1,"featured_media":299,"comment_status":"open","ping_status":"open","sticky":false,"template":"","format":"standard","meta":[],"categories":[3],"tags":[113,112,42,114],"_links":{"self":[{"href":"http:\/\/radiopirada.com\/radiopirada\/index.php?rest_route=\/wp\/v2\/posts\/284"}],"collection":[{"href":"http:\/\/radiopirada.com\/radiopirada\/index.php?rest_route=\/wp\/v2\/posts"}],"about":[{"href":"http:\/\/radiopirada.com\/radiopirada\/index.php?rest_route=\/wp\/v2\/types\/post"}],"author":[{"embeddable":true,"href":"http:\/\/radiopirada.com\/radiopirada\/index.php?rest_route=\/wp\/v2\/users\/1"}],"replies":[{"embeddable":true,"href":"http:\/\/radiopirada.com\/radiopirada\/index.php?rest_route=%2Fwp%2Fv2%2Fcomments&post=284"}],"version-history":[{"count":4,"href":"http:\/\/radiopirada.com\/radiopirada\/index.php?rest_route=\/wp\/v2\/posts\/284\/revisions"}],"predecessor-version":[{"id":334,"href":"http:\/\/radiopirada.com\/radiopirada\/index.php?rest_route=\/wp\/v2\/posts\/284\/revisions\/334"}],"wp:featuredmedia":[{"embeddable":true,"href":"http:\/\/radiopirada.com\/radiopirada\/index.php?rest_route=\/wp\/v2\/media\/299"}],"wp:attachment":[{"href":"http:\/\/radiopirada.com\/radiopirada\/index.php?rest_route=%2Fwp%2Fv2%2Fmedia&parent=284"}],"wp:term":[{"taxonomy":"category","embeddable":true,"href":"http:\/\/radiopirada.com\/radiopirada\/index.php?rest_route=%2Fwp%2Fv2%2Fcategories&post=284"},{"taxonomy":"post_tag","embeddable":true,"href":"http:\/\/radiopirada.com\/radiopirada\/index.php?rest_route=%2Fwp%2Fv2%2Ftags&post=284"}],"curies":[{"name":"wp","href":"https:\/\/api.w.org\/{rel}","templated":true}]}}