{"id":220,"date":"2020-10-17T21:12:54","date_gmt":"2020-10-18T00:12:54","guid":{"rendered":"http:\/\/radiopirada.com\/radiopirada\/?p=220"},"modified":"2021-04-04T19:27:23","modified_gmt":"2021-04-04T22:27:23","slug":"coluna-da-velha","status":"publish","type":"post","link":"http:\/\/radiopirada.com\/radiopirada\/?p=220","title":{"rendered":"Coluna da Velha &#8211; Ricardo Bar\u00e3o (em mem\u00f3ria)"},"content":{"rendered":"\n<p>Esse  espa\u00e7o \u00e9 uma homenagem em mem\u00f3ria ao jornalista e radialista Ricardo Bar\u00e3o  Ricardo Bar\u00e3o (09\/08\/1954 &#8211; 25\/12\/2010) , que passou pela R\u00e1dio Pirada em 2010. Confira o<strong> <\/strong>Programa das Velhas, produziu, com Susi Tesch e alguns programas do M\u00fasica do Mundo e algumas de seus poemas.<\/p>\n\n\n\n<p><\/p>\n\n\n\n<p><\/p>\n\n\n\n<p> O ROCK<br> (Ricardo Bar\u00e3o )<br><br><br> POR UM MOMENTO NA HIST\u00d3RIA<br> TODOS OS JOVENS DO MUNDO SE UNIRAM NUMA S\u00d3 VOZ<br> O ROCK<br>ERA COMO SE F\u00d4SSEMOS TODOS DA MESMA TURMA, DA MESMA   ESQUINA<br>UMA S\u00d3 LINGUAGEM, UMA S\u00d3 POSTURA, UM S\u00d3 GRITO DE GUERRA LUT\u00c1VAMOS TODOS JUNTOS CONTRA TODA ESTA PORRA DE SISTEMA.<br>N\u00c3O EXISTIA AMERICANOS, INGLESES, LATINO AMERICANOS. \u00c9RAMOS UM S\u00d3.<br>COM A GUITARRA COMO ARMA CONTRA A INTOLER\u00c2NCIA, O FASCISMO E TUDO QUE O LADO RUIM DA HUMANIDADE REPRESENTAVA.<br>\u00c9RAMOS TODOS JOVENS GUERREIROS SOB A BANDEIRA DO ROCK.<br>A JUVENTUDE PASSOU, A REVOLU\u00c7\u00c3O ACABOU.<br>O SISTEMA VENCEU.<br>AGORA NOVAMENTE SOMOS LATINO AMERICANOS, ELES S\u00c3O OS MALDITOS AMERICANOS E OS PEDANTES INGLESES.<br>VELHOS DEMAIS PARA O ROCK, JOVENS DEMAIS PARA MORRER <\/p>\n\n\n\n<figure class=\"wp-block-audio\"><audio controls src=\"http:\/\/radiopirada.com\/radiopirada\/wp-content\/uploads\/2020\/10\/Programa-das-Velhas_Egisto_Parte_1.mp3\"><\/audio><figcaption>  Programa das Velhas, com Ricardo Bar\u00e3o e Susi Tesch  &#8211; Entrevista com Egisto Dal Santo &#8211; Parte 1 <\/figcaption><\/figure>\n\n\n\n<figure class=\"wp-block-audio\"><audio controls src=\"http:\/\/radiopirada.com\/radiopirada\/wp-content\/uploads\/2020\/10\/Programa-das-Velhas_egisto_parte_2-1.mp3\"><\/audio><figcaption>  Programa das Velhas, com Ricardo Bar\u00e3o e Susi Tesch  &#8211; Entrevista com Egisto Dal Santo &#8211; Parte 2<\/figcaption><\/figure>\n\n\n\n<p>PROGRAMA M\u00daSICA DO MUNDO<\/p>\n\n\n\n<figure class=\"wp-block-audio\"><audio controls src=\"http:\/\/radiopirada.com\/radiopirada\/wp-content\/uploads\/2020\/10\/Programa-M\u00fasica-do-Mundo-FM-Cultura-05-09-10-Parte-1.mp3\"><\/audio><figcaption>Programa M\u00fasica do Mundo &#8211; Cultura FM &#8211; 05-09-2010 &#8211; Parte1<br><\/figcaption><\/figure>\n\n\n\n<figure class=\"wp-block-audio\"><audio controls src=\"http:\/\/radiopirada.com\/radiopirada\/wp-content\/uploads\/2020\/10\/Programa-M\u00fasica-do-Mundo-FM-Cultura-05.09.10-Parte-2.mp3\"><\/audio><figcaption> Programa M\u00fasica do Mundo &#8211; Cultura FM &#8211; 05-09-2010 &#8211; Parte2<br><\/figcaption><\/figure>\n\n\n\n<figure class=\"wp-block-audio\"><audio controls src=\"http:\/\/radiopirada.com\/radiopirada\/wp-content\/uploads\/2020\/10\/Musica-do-mundo-10.10.2010-Parte1.mp3\"><\/audio><figcaption> Programa M\u00fasica do Mundo &#8211; Cultura FM &#8211; 10-10-2010 &#8211; Parte1 <br><\/figcaption><\/figure>\n\n\n\n<figure class=\"wp-block-audio\"><audio controls src=\"http:\/\/radiopirada.com\/radiopirada\/wp-content\/uploads\/2020\/10\/Programa-MM-FM-Cultura-10.10.2010-Parte2.2.mp3\"><\/audio><figcaption>  Programa M\u00fasica do Mundo &#8211; Cultura FM &#8211; 10-10-2010 &#8211; Parte 2  <\/figcaption><\/figure>\n\n\n\n<ul class=\"is-layout-flex wp-block-gallery-1 wp-block-gallery columns-2 is-cropped\"><li class=\"blocks-gallery-item\"><figure><img decoding=\"async\" loading=\"lazy\" width=\"172\" height=\"129\" src=\"http:\/\/radiopirada.com\/radiopirada\/wp-content\/uploads\/2020\/10\/chao02.jpg\" alt=\"\" data-id=\"236\" class=\"wp-image-236\"\/><\/figure><\/li><li class=\"blocks-gallery-item\"><figure><img decoding=\"async\" loading=\"lazy\" width=\"172\" height=\"129\" src=\"http:\/\/radiopirada.com\/radiopirada\/wp-content\/uploads\/2020\/10\/chao03.jpg\" alt=\"\" data-id=\"238\" data-link=\"http:\/\/radiopirada.com\/radiopirada\/?attachment_id=238\" class=\"wp-image-238\"\/><\/figure><\/li><\/ul>\n","protected":false},"excerpt":{"rendered":"<div class=\"mh-excerpt\"><p>Esse espa\u00e7o \u00e9 uma homenagem em mem\u00f3ria ao jornalista e radialista Ricardo Bar\u00e3o Ricardo Bar\u00e3o (09\/08\/1954 &#8211; 25\/12\/2010) , que passou pela R\u00e1dio Pirada em <a class=\"mh-excerpt-more\" href=\"http:\/\/radiopirada.com\/radiopirada\/?p=220\" title=\"Coluna da Velha &#8211; Ricardo Bar\u00e3o (em mem\u00f3ria)\">[&#8230;]<\/a><\/p>\n<\/div>","protected":false},"author":1,"featured_media":228,"comment_status":"open","ping_status":"open","sticky":false,"template":"","format":"standard","meta":[],"categories":[6,7],"tags":[105,103,102,29,104,42],"_links":{"self":[{"href":"http:\/\/radiopirada.com\/radiopirada\/index.php?rest_route=\/wp\/v2\/posts\/220"}],"collection":[{"href":"http:\/\/radiopirada.com\/radiopirada\/index.php?rest_route=\/wp\/v2\/posts"}],"about":[{"href":"http:\/\/radiopirada.com\/radiopirada\/index.php?rest_route=\/wp\/v2\/types\/post"}],"author":[{"embeddable":true,"href":"http:\/\/radiopirada.com\/radiopirada\/index.php?rest_route=\/wp\/v2\/users\/1"}],"replies":[{"embeddable":true,"href":"http:\/\/radiopirada.com\/radiopirada\/index.php?rest_route=%2Fwp%2Fv2%2Fcomments&post=220"}],"version-history":[{"count":7,"href":"http:\/\/radiopirada.com\/radiopirada\/index.php?rest_route=\/wp\/v2\/posts\/220\/revisions"}],"predecessor-version":[{"id":302,"href":"http:\/\/radiopirada.com\/radiopirada\/index.php?rest_route=\/wp\/v2\/posts\/220\/revisions\/302"}],"wp:featuredmedia":[{"embeddable":true,"href":"http:\/\/radiopirada.com\/radiopirada\/index.php?rest_route=\/wp\/v2\/media\/228"}],"wp:attachment":[{"href":"http:\/\/radiopirada.com\/radiopirada\/index.php?rest_route=%2Fwp%2Fv2%2Fmedia&parent=220"}],"wp:term":[{"taxonomy":"category","embeddable":true,"href":"http:\/\/radiopirada.com\/radiopirada\/index.php?rest_route=%2Fwp%2Fv2%2Fcategories&post=220"},{"taxonomy":"post_tag","embeddable":true,"href":"http:\/\/radiopirada.com\/radiopirada\/index.php?rest_route=%2Fwp%2Fv2%2Ftags&post=220"}],"curies":[{"name":"wp","href":"https:\/\/api.w.org\/{rel}","templated":true}]}}