{"id":181,"date":"2020-07-09T11:38:46","date_gmt":"2020-07-09T14:38:46","guid":{"rendered":"http:\/\/radiopirada.com\/radiopirada\/?p=181"},"modified":"2021-08-03T09:15:53","modified_gmt":"2021-08-03T12:15:53","slug":"uma-viagem-virtual-no-bom-fim-anos-80-e-90","status":"publish","type":"post","link":"http:\/\/radiopirada.com\/radiopirada\/?p=181","title":{"rendered":"Uma Viagem Virtual no Bom Fim anos 80 e 90"},"content":{"rendered":"\n<p><strong>Por: Susi Tesch                                                                                                         <\/strong><\/p>\n\n\n\n<p><strong>Foto: Arquivo Ga\u00facha ZH<\/strong><\/p>\n\n\n\n<p>O grupo do Facebook, sobreviventes 80\/90 Poa ganhou grande destaque com essa pandemia, durante a quarentena, mais de seis mil pessoas ingressaram ao grupo . O grupo \u00e9 dedicado para quem frequentou a Osvaldo Aranha nas d\u00e9cadas de 80 e 90. Os famosos bares como Bar Ocidente, Bar do Jo\u00e3o, Bar Fim, Bar Lola, Lancheria do Parque e Escaler. Bares que marcaram \u00e9poca no bairro Bom Fim, em Porto Alegre.<\/p>\n\n\n\n<p>No grupo al\u00e9m de postagens que remetem sobre coisas das d\u00e9cadas de 80 e 90, o grupo vem organizando Lives, oficinas, para arrecadar e ajudar fam\u00edlias carentes.<\/p>\n\n\n\n<p>Conversamos com a equipe respons\u00e1vel pelo grupo: <\/p>\n\n\n\n<p><strong>Quem s\u00e3o as pessoas ou a pessoa que organiza o grupo?<\/strong><\/p>\n\n\n\n<p><strong>Castor:<\/strong>  O grupo \u00e9 uma democracia social sem presidente. Todos os administradores conversam e decidem as a\u00e7\u00f5es do grupo. Hoje em dia tem, pelos mais antigos aos mais novos: Castor Daudt, Kenny Keating, Pedro Loss, Fabi CPont, Lisane Zorg, Paulinha Dias, Liege Massi. Inclusive, uma caracter\u00edstica interessante do grupo, \u00e9 que metade dos membros \u00e9 do sexo feminino. Temos uma igualdade in\u00e9dita, porque geralmente estes grupos tem a maioria de homens. Na administra\u00e7\u00e3o, a maioria \u00e9 mulher. Isso \u00e9 um diferencial importante, porque estamos bem atentos \u00e0s quest\u00f5es de machismo, misoginia, etc. Fascista n\u00e3o se cria no grupo&#8230;<\/p>\n\n\n\n<p><strong>Como surgiu a ideia das Lives e das oficinas?<\/strong><\/p>\n\n\n\n<p><strong>Castor:<\/strong>  A ideia das a\u00e7\u00f5es do grupo foi natural e espont\u00e2nea. Principalmente pela necessidade de arrecadar doa\u00e7\u00f5es para institui\u00e7\u00f5es e pessoas necessitadas, por causa do isolamento social da pandemia, e prover entretenimento e capacita\u00e7\u00e3o para as pessoas isoladas em casa. Unindo o \u00fatil ao agrad\u00e1vel.<\/p>\n\n\n\n<p><strong>Como foi que o grupo cresceu tanto durante a pandemia?<\/strong><\/p>\n\n\n\n<p><strong>Castor:<\/strong>  Com a pandemia e o isolamento, os membros mais antigos decidiram convidar em massa. Fizemos campanha de convite. E, em poucos dias, o grupo cresceu de 500 membros para 6000. Foi uma surpresa.<br>Claro que isso gerou muita confus\u00e3o, pois muitas pessoas n\u00e3o estavam na mesma sintonia que a maioria. Muitos bolsonaristas, racistas, machistas,  fascistas e aquele tipo de cidad\u00e3o brasileiro que saiu do arm\u00e1rio e se revelou como realmente \u00e9, como pensa. Mas aos poucos fomos ajustando.<br>Agora est\u00e1 praticamente estabilizado em 6200 membros. Cada novo membro \u00e9 analisado com cuidado. J\u00e1 conseguimos arrecadar bastante coisa, tanto cestas b\u00e1sicas, como materiais e at\u00e9 dinheiro para artistas, pessoas e institui\u00e7\u00f5es . \u00c9 um trabalho de formiguinha, sem remunera\u00e7\u00e3o, mas compensa quando a gente v\u00ea pessoas, que estavam passando por dificuldades na quarentena, ficarem mais aliviadas. Para n\u00f3s, administradores, \u00e9 um trabalho 24h, 7 dias por semana.Vamos ver at\u00e9 quando a gente aguenta. Tomara que dure muito!<\/p>\n\n\n\n<p><strong>O grupo teve um crescimento enorme durante a pandemia. Como \u00e9 manter o grupo sobre controle atrav\u00e9s de media\u00e7\u00f5es?<\/strong><\/p>\n\n\n\n<p><strong>Paulinha: <\/strong> O grupo cresceu absurdamente. Trabalhamos duro 24hs por dia na programa\u00e7\u00e3o de atividades e tamb\u00e9m fazendo a limpeza de algumas postagens e media\u00e7\u00e3o no coment\u00e1rios s\u00e3o quase 7000 pessoas uma m\u00e9dia de 1000 para cada administrador. Mesmo com toda aten\u00e7\u00e3o as vezes escapam coisas que n\u00e3o deveria ter sido postadas. E deletadas para que n\u00e3o se torne uma grande fogueira.<\/p>\n\n\n\n<p><strong>Qual a postagem mais pol\u00eamica do grupo at\u00e9 agora?<\/strong><\/p>\n\n\n\n<p><strong>Paulinha:<\/strong>  Tiveram algumas pessoas que resolveram se libertar de segredos envolvendo pessoas conhecidas. Em forma de desabafo mas que, no final das contas tem a finalidade de acabar com a figura p\u00fablica. N\u00e3o podemos resolver  essas coisas, quest\u00f5es de fam\u00edlia, namorados.  Acho que a tentativa de destruir uma imagem  de pessoas e ou artista n\u00e3o \u00e9 legal, me incomoda ler essas coisas. J\u00e1 apaguei a postagem. N\u00e3o costumo fazer isso mas pensando daqui uma hora. Daqui 5 horas . Daqui 1 dia o resultado de um post desses pode tomar uma enorme pol\u00eamica e propor\u00e7\u00e3o. Estamos resgatando mem\u00f3rias e n\u00e3o resolvendo vidas. Apesar do foco nesse momento seja ajudar ao pr\u00f3ximo  seja com uma m\u00fasica, lembran\u00e7a e doa\u00e7\u00f5es.<\/p>\n\n\n\n<p><strong>Rola muito spam no grupo?<\/strong><\/p>\n\n\n\n<p><strong>Paulinha:<\/strong>  Olha, j\u00e1 nas boas vindas dos novos membros eu deixo uma orienta\u00e7\u00e3o para que respeitem a tem\u00e1tica do grupo. Que os posts sejam mais autorais e menos repost de bobagens atuais. Gosto das hist\u00f3rias e da originalidade ao contar.  Amo isso dou muito risada. Alguns entram j\u00e1 querendo interagir logo. Tem as postagens antigas que s\u00e3o \u00f3timas, pe\u00e7o que as olhem tamb\u00e9m.<\/p>\n\n\n\n<h2>&#8220;Para mim a melhor coisa da m\u00e1quina do tempo \u00e9 sair do atual&#8221;                          <\/h2>\n\n\n\n<h4>                                                                               <strong> (Paulinha Dias)<\/strong><\/h4>\n\n\n\n<p><\/p>\n\n\n\n<p><strong>Nos conte sobre o Bate Papo sobre machismos?<\/strong><\/p>\n\n\n\n<p><strong>Lisane:<\/strong> O Bate Papo sobre machismos \u00e9 discutir, refletir e promover a descontra\u00e7\u00e3o dos scripts de g\u00eanero, em especial aqueles destinados \u00e0s mulheres. Foi constitu\u00eddo um grupo de articula\u00e7\u00e3o, democraticamente e a cada evento mulheres podem se inscrever e participar. Homens podem assistir e fazer perguntas durante a live mas o lugar de fala \u00e9 das mulheres.  <\/p>\n\n\n\n<p><strong>Fala um pouco sobre o sarau?<\/strong><\/p>\n\n\n\n<p><strong>Lisane:<\/strong> S\u00e3o subprojetos do grupo composto por 32 pessoas, por enquanto, s\u00e3o Grupo de Leitura em zoom,  Sarau e a publica\u00e7\u00e3o de uma revista eletr\u00f4nica para compartilhamento de palavras e sentidos da pandemia.<\/p>\n\n\n<p><strong>Como funciona o trabalho de arrecada\u00e7\u00e3o para est\u00e1s institui\u00e7\u00f5es?<\/strong><\/p>\n<p><strong data-rich-text-format-boundary=\"true\">Lisane:<\/strong> Indicamos um local de coleta para itens de vestu\u00e1rio, higiene e alimentos n\u00e3o perec\u00edveis ou a conta banc\u00e1ria da pr\u00f3pria institui\u00e7\u00e3o. N\u00e3o recebemos nada.<\/p>\n\n\n<p><strong>Qual foi a primeira live? Da onde \u00e9 quem surgiu a ideia?<\/strong><\/p>\n\n\n\n<p><strong>Fabi:<\/strong> A ideia da live surgiu no grupo, em reuni\u00e3o dos administradores. A primeira live com Tiago Hor\u00e1cios,  no repert\u00f3rios m\u00fasicas pr\u00f3prias e cl\u00e1ssicos do rock ga\u00facho anos 80 e 90, com arrecada\u00e7\u00f5es para aldeia ind\u00edgena. <\/p>\n\n\n<p><!--EndFragment--><\/p>\n\n\n<p><\/p>\n\n\n\n<p><\/p>\n","protected":false},"excerpt":{"rendered":"<div class=\"mh-excerpt\"><p>Por: Susi Tesch Foto: Arquivo Ga\u00facha ZH O grupo do Facebook, sobreviventes 80\/90 Poa ganhou grande destaque com essa pandemia, durante a quarentena, mais de <a class=\"mh-excerpt-more\" href=\"http:\/\/radiopirada.com\/radiopirada\/?p=181\" title=\"Uma Viagem Virtual no Bom Fim anos 80 e 90\">[&#8230;]<\/a><\/p>\n<\/div>","protected":false},"author":1,"featured_media":184,"comment_status":"open","ping_status":"open","sticky":false,"template":"","format":"standard","meta":[],"categories":[6,3],"tags":[93,94,95,99,100,85,96,88,87,97,91,89,90,86,80,101,29,43,30,92,42],"_links":{"self":[{"href":"http:\/\/radiopirada.com\/radiopirada\/index.php?rest_route=\/wp\/v2\/posts\/181"}],"collection":[{"href":"http:\/\/radiopirada.com\/radiopirada\/index.php?rest_route=\/wp\/v2\/posts"}],"about":[{"href":"http:\/\/radiopirada.com\/radiopirada\/index.php?rest_route=\/wp\/v2\/types\/post"}],"author":[{"embeddable":true,"href":"http:\/\/radiopirada.com\/radiopirada\/index.php?rest_route=\/wp\/v2\/users\/1"}],"replies":[{"embeddable":true,"href":"http:\/\/radiopirada.com\/radiopirada\/index.php?rest_route=%2Fwp%2Fv2%2Fcomments&post=181"}],"version-history":[{"count":9,"href":"http:\/\/radiopirada.com\/radiopirada\/index.php?rest_route=\/wp\/v2\/posts\/181\/revisions"}],"predecessor-version":[{"id":416,"href":"http:\/\/radiopirada.com\/radiopirada\/index.php?rest_route=\/wp\/v2\/posts\/181\/revisions\/416"}],"wp:featuredmedia":[{"embeddable":true,"href":"http:\/\/radiopirada.com\/radiopirada\/index.php?rest_route=\/wp\/v2\/media\/184"}],"wp:attachment":[{"href":"http:\/\/radiopirada.com\/radiopirada\/index.php?rest_route=%2Fwp%2Fv2%2Fmedia&parent=181"}],"wp:term":[{"taxonomy":"category","embeddable":true,"href":"http:\/\/radiopirada.com\/radiopirada\/index.php?rest_route=%2Fwp%2Fv2%2Fcategories&post=181"},{"taxonomy":"post_tag","embeddable":true,"href":"http:\/\/radiopirada.com\/radiopirada\/index.php?rest_route=%2Fwp%2Fv2%2Ftags&post=181"}],"curies":[{"name":"wp","href":"https:\/\/api.w.org\/{rel}","templated":true}]}}